{"id":116007,"date":"2010-11-08T13:04:15","date_gmt":"2010-11-08T12:04:15","guid":{"rendered":"http:\/\/www.ivg.it\/?p=116007"},"modified":"2010-11-08T16:54:19","modified_gmt":"2010-11-08T15:54:19","slug":"magliolo-sopralluogo-allex-discarica-qui-una-fattoria-fotovoltaica","status":"publish","type":"post","link":"https:\/\/staging.ivg.it\/2010\/11\/magliolo-sopralluogo-allex-discarica-qui-una-fattoria-fotovoltaica\/","title":{"rendered":"Magliolo, sopralluogo all\u2019ex discarica: qui una fattoria fotovoltaica"},"content":{"rendered":"<p><strong>Magliolo.<\/strong> Questa mattina l&#8217;amministrazione comunale di Magliolo e la Provincia di Savona hanno effettuato il sopralluogo per la valutazione della fattibilit\u00e0 della realizzazione di una fattoria fotovoltaica nell&#8217;area che ha ospitato per anni la discarica di Magliolo. Nello studio di fattibilit\u00e0 sar\u00e0 compresa anche l&#8217;ipotesi dell&#8217;ampliamento della fattoria fotovoltaica anche ad una fattoria eolica. Il progetto sar\u00e0 messo a gara molto probabilmente prima della fine dell&#8217;anno.<\/p>\n<p>&#8220;La nostra amministrazione ha tra i suoi obiettivi quello di promuovere le fonti di energia rinnovabili &#8211; ha dichiarato il Presidente Vaccarezza -. Attraverso politiche responsabili e non discriminatorie nei confronti delle bioenergie \u00e8 possibile dare al territorio minori immissioni e aria pi\u00f9 pulita. Per questo motivo, da parte nostra, c&#8217;\u00e8 stata, c&#8217;\u00e8 e ci sar\u00e0 una grande attenzione nei confronti di temi come fotovoltaico ed eolico. Le energie rinnovabili sono un&#8217;importante opportunit\u00e0 per il nostro territorio e sono convinto che le istituzioni debbano farsi per prime testimoni di progetti come quello di Magliolo per cercare di dare, finalmente, risposte concrete alla crisi energetica ed economica&#8221;.<\/p>\n","protected":false},"excerpt":{"rendered":"<p>Magliolo. Questa mattina l&#8217;amministrazione comunale di Magliolo e la Provincia di Savona hanno effettuato il sopralluogo per la valutazione della fattibilit\u00e0 della realizzazione di una fattoria fotovoltaica nell&#8217;area che ha ospitato per anni la discarica di Magliolo. Nello studio di fattibilit\u00e0 sar\u00e0 compresa anche l&#8217;ipotesi dell&#8217;ampliamento della fattoria fotovoltaica anche ad una fattoria eolica. Il [&hellip;]<\/p>\n","protected":false},"author":13744,"featured_media":0,"comment_status":"open","ping_status":"closed","sticky":false,"template":"","format":"standard","meta":{"footnotes":""},"categories":[31],"tags":[2317,354,2683,85914],"class_list":["post-116007","post","type-post","status-publish","format-standard","hentry","category-politica","tag-angelo-vaccarezza","tag-discarica","tag-energie-rinnovabili","tag-magliolo","post_cat_citta-magliolo"],"amp_validity":null,"amp_enabled":true,"_links":{"self":[{"href":"https:\/\/staging.ivg.it\/ediapi\/wp\/v2\/posts\/116007","targetHints":{"allow":["GET"]}}],"collection":[{"href":"https:\/\/staging.ivg.it\/ediapi\/wp\/v2\/posts"}],"about":[{"href":"https:\/\/staging.ivg.it\/ediapi\/wp\/v2\/types\/post"}],"author":[{"embeddable":true,"href":"https:\/\/staging.ivg.it\/ediapi\/wp\/v2\/users\/13744"}],"replies":[{"embeddable":true,"href":"https:\/\/staging.ivg.it\/ediapi\/wp\/v2\/comments?post=116007"}],"version-history":[{"count":0,"href":"https:\/\/staging.ivg.it\/ediapi\/wp\/v2\/posts\/116007\/revisions"}],"wp:attachment":[{"href":"https:\/\/staging.ivg.it\/ediapi\/wp\/v2\/media?parent=116007"}],"wp:term":[{"taxonomy":"category","embeddable":true,"href":"https:\/\/staging.ivg.it\/ediapi\/wp\/v2\/categories?post=116007"},{"taxonomy":"post_tag","embeddable":true,"href":"https:\/\/staging.ivg.it\/ediapi\/wp\/v2\/tags?post=116007"}],"curies":[{"name":"wp","href":"https:\/\/api.w.org\/{rel}","templated":true}]}}