{"id":116001,"date":"2010-11-08T12:40:14","date_gmt":"2010-11-08T11:40:14","guid":{"rendered":"http:\/\/www.ivg.it\/?p=116001"},"modified":"2010-11-08T16:41:31","modified_gmt":"2010-11-08T15:41:31","slug":"tomaso-udienza-rimandata-il-giudice-e-in-ferie","status":"publish","type":"post","link":"https:\/\/staging.ivg.it\/2010\/11\/tomaso-udienza-rimandata-il-giudice-e-in-ferie\/","title":{"rendered":"Tomaso, udienza rimandata: il giudice \u00e8 in ferie"},"content":{"rendered":"<p><strong>Albenga.<\/strong> Vuole guardare il bicchiere mezzo pieno, Luigi Euro Bruno. Non \u00e8 facile davanti all&#8217;ennesimo rinvio, ma la buona notizia \u00e8 che l&#8217;udienza che si sarebbe dovuta tenere oggi a Varanasi \u00e8 stata posticipata &#8220;solo&#8221; di 24 ore. Le disposizioni della Corte Suprema indiana, che ha praticamente vietato di rimandare i dibattimenti se non in &#8220;casi eccezionali&#8221;, si scontra con le ferie del giudice che avrebbe dovuto &#8220;presenziare&#8221; all&#8217;udienza.<\/p>\n<p>&#8220;Chiss\u00e0, si vede che in India le ferie del giudice sono considerate un caso eccezionale&#8221; &#8211; commenta amareggiato il pap\u00e0 di Tomaso -. Voglio concentrarmi sul fatto che domani mio figlio ed Elisabetta saranno di nuovo in Tribunale, cerco di non pensare ad altro perch\u00e8 siamo davvero esausti&#8221;.<\/p>\n","protected":false},"excerpt":{"rendered":"<p>Albenga. Vuole guardare il bicchiere mezzo pieno, Luigi Euro Bruno. Non \u00e8 facile davanti all&#8217;ennesimo rinvio, ma la buona notizia \u00e8 che l&#8217;udienza che si sarebbe dovuta tenere oggi a Varanasi \u00e8 stata posticipata &#8220;solo&#8221; di 24 ore. Le disposizioni della Corte Suprema indiana, che ha praticamente vietato di rimandare i dibattimenti se non in [&hellip;]<\/p>\n","protected":false},"author":2620,"featured_media":0,"comment_status":"open","ping_status":"closed","sticky":false,"template":"","format":"standard","meta":{"footnotes":""},"categories":[34],"tags":[21323,21264,2371,924,1981,21234,14404,21324],"class_list":["post-116001","post","type-post","status-publish","format-standard","hentry","category-cronaca","tag-elisabetta-boncompagni","tag-francesco-montis","tag-india","tag-omicidio","tag-processo","tag-tomaso-bruno","tag-udienza","tag-varanasi","post_cat_citta-albenga"],"amp_validity":null,"amp_enabled":true,"_links":{"self":[{"href":"https:\/\/staging.ivg.it\/ediapi\/wp\/v2\/posts\/116001","targetHints":{"allow":["GET"]}}],"collection":[{"href":"https:\/\/staging.ivg.it\/ediapi\/wp\/v2\/posts"}],"about":[{"href":"https:\/\/staging.ivg.it\/ediapi\/wp\/v2\/types\/post"}],"author":[{"embeddable":true,"href":"https:\/\/staging.ivg.it\/ediapi\/wp\/v2\/users\/2620"}],"replies":[{"embeddable":true,"href":"https:\/\/staging.ivg.it\/ediapi\/wp\/v2\/comments?post=116001"}],"version-history":[{"count":0,"href":"https:\/\/staging.ivg.it\/ediapi\/wp\/v2\/posts\/116001\/revisions"}],"wp:attachment":[{"href":"https:\/\/staging.ivg.it\/ediapi\/wp\/v2\/media?parent=116001"}],"wp:term":[{"taxonomy":"category","embeddable":true,"href":"https:\/\/staging.ivg.it\/ediapi\/wp\/v2\/categories?post=116001"},{"taxonomy":"post_tag","embeddable":true,"href":"https:\/\/staging.ivg.it\/ediapi\/wp\/v2\/tags?post=116001"}],"curies":[{"name":"wp","href":"https:\/\/api.w.org\/{rel}","templated":true}]}}