{"id":115073,"date":"2010-11-04T08:42:23","date_gmt":"2010-11-04T07:42:23","guid":{"rendered":"http:\/\/www.ivg.it\/?p=115073"},"modified":"2010-11-04T08:42:23","modified_gmt":"2010-11-04T07:42:23","slug":"loano-convegno-il-tempo-della-citta-il-tempo-della-famiglia","status":"publish","type":"post","link":"https:\/\/staging.ivg.it\/2010\/11\/loano-convegno-il-tempo-della-citta-il-tempo-della-famiglia\/","title":{"rendered":"Loano: convegno &#8220;Il tempo della citt\u00e0, il tempo della famiglia&#8221;"},"content":{"rendered":"<p><strong>Loano<\/strong>. Il 25 novembre, a Palazzo Doria, a partire dalle 9, convegno su &#8220;Il tempo della citt\u00e0, il tempo della famiglia&#8221;.<\/p>\n<p>Sono ormai alcuni anni che il Comune di Loano promuove una serie di interventi ed iniziative tese a favorire le pari opportunit\u00e0 fra uomini e donne e l&#8217;armonizzazione dei tempi di vita e di lavoro in citt\u00e0, in linea con la vigente normativa nazionale e regionale. Questo convegno si propone, partendo proprio dall&#8217;analisi degli attuali orientamenti in materia, di approfondire in modo dettagliato con l&#8217;ausilio di esperti i progetti pi\u00f9 significativi sperimentati sul nostro territorio. L&#8217;appuntamento \u00e8 anche l&#8217;occasione per presentare alla citt\u00e0 il &#8220;Questionario sui tempi della citt\u00e0&#8221;, primo passo per la futura attuazione del Piano Territoriale degli Orari.<\/p>\n","protected":false},"excerpt":{"rendered":"<p>Loano. Il 25 novembre, a Palazzo Doria, a partire dalle 9, convegno su &#8220;Il tempo della citt\u00e0, il tempo della famiglia&#8221;. Sono ormai alcuni anni che il Comune di Loano promuove una serie di interventi ed iniziative tese a favorire le pari opportunit\u00e0 fra uomini e donne e l&#8217;armonizzazione dei tempi di vita e di [&hellip;]<\/p>\n","protected":false},"author":13744,"featured_media":0,"comment_status":"open","ping_status":"closed","sticky":false,"template":"","format":"standard","meta":{"footnotes":""},"categories":[],"tags":[876,85827],"class_list":["post-115073","post","type-post","status-publish","format-standard","hentry","tag-convegno","tag-loano","post_cat_citta-loano"],"amp_validity":null,"amp_enabled":true,"_links":{"self":[{"href":"https:\/\/staging.ivg.it\/ediapi\/wp\/v2\/posts\/115073","targetHints":{"allow":["GET"]}}],"collection":[{"href":"https:\/\/staging.ivg.it\/ediapi\/wp\/v2\/posts"}],"about":[{"href":"https:\/\/staging.ivg.it\/ediapi\/wp\/v2\/types\/post"}],"author":[{"embeddable":true,"href":"https:\/\/staging.ivg.it\/ediapi\/wp\/v2\/users\/13744"}],"replies":[{"embeddable":true,"href":"https:\/\/staging.ivg.it\/ediapi\/wp\/v2\/comments?post=115073"}],"version-history":[{"count":0,"href":"https:\/\/staging.ivg.it\/ediapi\/wp\/v2\/posts\/115073\/revisions"}],"wp:attachment":[{"href":"https:\/\/staging.ivg.it\/ediapi\/wp\/v2\/media?parent=115073"}],"wp:term":[{"taxonomy":"category","embeddable":true,"href":"https:\/\/staging.ivg.it\/ediapi\/wp\/v2\/categories?post=115073"},{"taxonomy":"post_tag","embeddable":true,"href":"https:\/\/staging.ivg.it\/ediapi\/wp\/v2\/tags?post=115073"}],"curies":[{"name":"wp","href":"https:\/\/api.w.org\/{rel}","templated":true}]}}