{"id":114902,"date":"2010-11-03T11:43:35","date_gmt":"2010-11-03T10:43:35","guid":{"rendered":"http:\/\/www.ivg.it\/?p=114902"},"modified":"2010-11-03T11:43:35","modified_gmt":"2010-11-03T10:43:35","slug":"asl2-convegno-su-il-percorso-di-cura","status":"publish","type":"post","link":"https:\/\/staging.ivg.it\/2010\/11\/asl2-convegno-su-il-percorso-di-cura\/","title":{"rendered":"Asl2: convegno su &#8220;Il percorso di cura&#8221;"},"content":{"rendered":"<p><strong>Savona.<\/strong> &#8220;Il percorso di cura. Aspettative, criticit\u00e0, soluzioni in favore del cittadino&#8221;, \u00e8 il titolo di un Convegno organizzato da ASL 2 savonese per sabato 6 novembre presso i Chiostri di Santa Caterina a Finalborgo.<\/p>\n<p>Obiettivo del seminario \u00e8 approfondire le problematiche e le criticit\u00e0 implicite nella presa in carico del paziente e nella definizione dei percorsi di cura pi\u00f9 appropriati: azioni che coinvolgono una  molteplicit\u00e0 di figure, il Medico di Medicina Generale, innanzitutto, quale fulcro del percorso assistenziale, oltre che professionalit\u00e0, competenze e strutture. La discussione intende mettere in luce e  valorizzare i punti di vista, le aspettative e le fondamentali irrinunciabili relazioni   messe in gioco da tutti i portatori di interesse coinvolti nel processo: pazienti, cittadini, medici di medicina generale e pediatri di libera scelta,  medici ospedalieri, direttori di strutture sanitarie, organizzazioni dei cittadini e di volontariato.<\/p>\n<p>Una prima parte condotta da Franco Bonanni, Direttore Dipartimento Salute e Servizi Sociali Regione Liguria, sul Percorso di cura ospedale territorio e sul governo clinico  del paziente sar\u00e0 seguita da un approfondimento del prof. Mauro Palombo, cattedratico dell\u2019Universit\u00e0 di Genova, sulla Centralit\u00e0 delle relazioni tra medico e paziente e\/o tra medico e medico. Il programma prevede, a seguire, l\u2019illustrazione di un Progetto sperimentale condotto, nel territorio del ponente savonese, da ASL 2 che servir\u00e0 da introduzione per una sessione  importante dei lavori: la tavola rotonda che dar\u00e0 modo a tutti i partecipanti di discutere ed approfondire punti di forza e criticit\u00e0 non solo del progetto in s\u00e9, ma di tutto il tema del Percorso di cura del paziente, vero protagonista e filo conduttore dell\u2019intera giornata di studio.<\/p>\n","protected":false},"excerpt":{"rendered":"<p>Savona. &#8220;Il percorso di cura. Aspettative, criticit\u00e0, soluzioni in favore del cittadino&#8221;, \u00e8 il titolo di un Convegno organizzato da ASL 2 savonese per sabato 6 novembre presso i Chiostri di Santa Caterina a Finalborgo. Obiettivo del seminario \u00e8 approfondire le problematiche e le criticit\u00e0 implicite nella presa in carico del paziente e nella definizione [&hellip;]<\/p>\n","protected":false},"author":13744,"featured_media":0,"comment_status":"open","ping_status":"closed","sticky":false,"template":"","format":"standard","meta":{"footnotes":""},"categories":[],"tags":[292,8648,876,2510,17715],"class_list":["post-114902","post","type-post","status-publish","format-standard","hentry","tag-asl-2","tag-asl2-savonese","tag-convegno","tag-medico","tag-paziente","post_cat_citta-savona"],"amp_validity":null,"amp_enabled":true,"_links":{"self":[{"href":"https:\/\/staging.ivg.it\/ediapi\/wp\/v2\/posts\/114902","targetHints":{"allow":["GET"]}}],"collection":[{"href":"https:\/\/staging.ivg.it\/ediapi\/wp\/v2\/posts"}],"about":[{"href":"https:\/\/staging.ivg.it\/ediapi\/wp\/v2\/types\/post"}],"author":[{"embeddable":true,"href":"https:\/\/staging.ivg.it\/ediapi\/wp\/v2\/users\/13744"}],"replies":[{"embeddable":true,"href":"https:\/\/staging.ivg.it\/ediapi\/wp\/v2\/comments?post=114902"}],"version-history":[{"count":0,"href":"https:\/\/staging.ivg.it\/ediapi\/wp\/v2\/posts\/114902\/revisions"}],"wp:attachment":[{"href":"https:\/\/staging.ivg.it\/ediapi\/wp\/v2\/media?parent=114902"}],"wp:term":[{"taxonomy":"category","embeddable":true,"href":"https:\/\/staging.ivg.it\/ediapi\/wp\/v2\/categories?post=114902"},{"taxonomy":"post_tag","embeddable":true,"href":"https:\/\/staging.ivg.it\/ediapi\/wp\/v2\/tags?post=114902"}],"curies":[{"name":"wp","href":"https:\/\/api.w.org\/{rel}","templated":true}]}}