{"id":114010,"date":"2010-10-29T10:42:36","date_gmt":"2010-10-29T08:42:36","guid":{"rendered":"http:\/\/www.ivg.it\/?p=114010"},"modified":"2010-10-29T11:05:13","modified_gmt":"2010-10-29T09:05:13","slug":"sassello-oggi-messa-in-ricordo-della-beata-chiara-luce-badano","status":"publish","type":"post","link":"https:\/\/staging.ivg.it\/2010\/10\/sassello-oggi-messa-in-ricordo-della-beata-chiara-luce-badano\/","title":{"rendered":"Sassello: oggi Messa in ricordo della Beata Chiara Luce Badano"},"content":{"rendered":"<p><strong>Sassello.<\/strong> Oggi 29 ottobre, alle ore 18.00, ci sar\u00e0 a Sassello presso la Chiesa della SS. Trinit\u00e0, la messa in ricordo della Beata Chiara Luce Badano.<\/p>\n<p>Saranno presenti i genitori di Chiara Luce, il Sindaco di Sassello Paolo Badano e l&#8217;Assessore Provinciale alle Politiche sociale Pietro Santi. L&#8217;Assessore Santi, gi\u00e0 presente a Roma alla beatificazione di Chiara Luce, con la sua presenza alla S.Messa desidera ricordare sopratutto, ai nostri giovani, l&#8217;esempio positivo di forza e coraggio quale \u00e8 stata la vita della giovane Chiara Luce.<\/p>\n<p>&#8220;Chiara Luce Badano &#8211; ha dichiarato l&#8217;Assessore Santi &#8211; \u00e8 un esempio per tutti noi di virt\u00f9 e di grande fede, lei aveva una forza speciale che \u00e8 rimasta e rimarr\u00e0 negli anni come testimonianza di amore per Dio e per gli altri. In occasione del suo compleanno, oggi ci sar\u00e0 una S.Messa a Sassello, perci\u00f2 mi sembra doveroso portare il mio saluto personale e quello dell&#8217;amministrazione che rappresento che crede fortemente in questi valori&#8221;.<\/p>\n","protected":false},"excerpt":{"rendered":"<p>Sassello. Oggi 29 ottobre, alle ore 18.00, ci sar\u00e0 a Sassello presso la Chiesa della SS. Trinit\u00e0, la messa in ricordo della Beata Chiara Luce Badano. Saranno presenti i genitori di Chiara Luce, il Sindaco di Sassello Paolo Badano e l&#8217;Assessore Provinciale alle Politiche sociale Pietro Santi. L&#8217;Assessore Santi, gi\u00e0 presente a Roma alla beatificazione [&hellip;]<\/p>\n","protected":false},"author":13744,"featured_media":0,"comment_status":"open","ping_status":"closed","sticky":false,"template":"","format":"standard","meta":{"footnotes":""},"categories":[],"tags":[24102,1658,85947],"class_list":["post-114010","post","type-post","status-publish","format-standard","hentry","tag-chiara-luce-badano","tag-messa","tag-sassello","post_cat_citta-sassello"],"amp_validity":null,"amp_enabled":true,"_links":{"self":[{"href":"https:\/\/staging.ivg.it\/ediapi\/wp\/v2\/posts\/114010","targetHints":{"allow":["GET"]}}],"collection":[{"href":"https:\/\/staging.ivg.it\/ediapi\/wp\/v2\/posts"}],"about":[{"href":"https:\/\/staging.ivg.it\/ediapi\/wp\/v2\/types\/post"}],"author":[{"embeddable":true,"href":"https:\/\/staging.ivg.it\/ediapi\/wp\/v2\/users\/13744"}],"replies":[{"embeddable":true,"href":"https:\/\/staging.ivg.it\/ediapi\/wp\/v2\/comments?post=114010"}],"version-history":[{"count":0,"href":"https:\/\/staging.ivg.it\/ediapi\/wp\/v2\/posts\/114010\/revisions"}],"wp:attachment":[{"href":"https:\/\/staging.ivg.it\/ediapi\/wp\/v2\/media?parent=114010"}],"wp:term":[{"taxonomy":"category","embeddable":true,"href":"https:\/\/staging.ivg.it\/ediapi\/wp\/v2\/categories?post=114010"},{"taxonomy":"post_tag","embeddable":true,"href":"https:\/\/staging.ivg.it\/ediapi\/wp\/v2\/tags?post=114010"}],"curies":[{"name":"wp","href":"https:\/\/api.w.org\/{rel}","templated":true}]}}