{"id":112621,"date":"2010-10-22T17:53:14","date_gmt":"2010-10-22T15:53:14","guid":{"rendered":"http:\/\/www.ivg.it\/?p=112621"},"modified":"2012-09-26T13:18:34","modified_gmt":"2012-09-26T11:18:34","slug":"ordinanza-alluvione-delfino-%e2%80%9csperiamo-che-genova-non-si-matrigna","status":"publish","type":"post","link":"https:\/\/staging.ivg.it\/2010\/10\/ordinanza-alluvione-delfino-%e2%80%9csperiamo-che-genova-non-si-matrigna\/","title":{"rendered":"Ordinanza alluvione, Delfino: \u201cSperiamo che Genova non sia matrigna con Varazze\u201d"},"content":{"rendered":"<p><strong>Varazze.<\/strong> &#8220;Il Capo della Protezione civile Guido Bertolaso si \u00e8 dimostrato ancora una volta uomo del fare e uomo di parola&#8221;. E&#8217; questa la reazione a caldo del sindaco di Varazze Giovanni Delfino una volta appreso della firma del presidente del Consiglio dei Ministri Berlusconi dell&#8217;ordinanza di protezione civile relativa ai danni provocati dal nubifragio che ha colpito Varazze e Sestri Levante.<\/p>\n<p>&#8220;La mia preoccupazione maggiore adesso riguarda la distribuzione dei finanziamenti stanziati. Mi auguro che Genova non sia matrigna e che al Comune di Varazze venga al pi\u00f9 presto destinata una somma ingente poich\u00e9 i danni causati dall&#8217;alluvione sono tanti\u201d.<\/p>\n<p>&#8220;A differenza della provincia di Genova &#8211; prosegue Giovanni Delfino &#8211; i danni che hanno colpito il comune di Varazze sono strutturali e quelli maggiori riguardano le strade e le arterie di collegamento tra frazioni. Ad oggi abbiamo 2 km di strade provinciali da rimettere in sicurezza, 6 km di strade comunali, interpoderali e secondarie da sistemare, 16 edifici lesionati e 2 case totalmente distrutte. Gli sfollati ammontano a 87 persone che stanno alloggiando distribuiti negli hotel e residence approfittando del fatto che in bassa stagione hanno disponibilit\u00e0 di posti&#8221;.<\/p>\n<p>\u201cUn altro problema riguarda gli impianti delle scuole che in molti casi sono da cambiare: ad esempio \u00e8 necessario sostituire la caldaia nella scuola elementare in Via Camogli e nella biblioteca comunale dove tra l&#8217;altro \u00e8 stato danneggiato l&#8217;archivio e sono stati compromessi un paio di codici risalenti all&#8217;et\u00e0 napoleonica&#8221; prosegue il primo cittadino di Varazze.<\/p>\n<p>Intanto domani sar\u00e0 riaperta al traffico via Nuova di Casanova, che conduce alla discarica rifiuti della Ramognina, e all&#8217;omonima frazione collinare, zona tra le pi\u00f9 colpite dal nubifragio.<\/p>\n<p>&#8220;Si tratta di un&#8217;apertura dettata dall&#8217;emergenza ma non di certo definitiva. La viabilit\u00e0 sar\u00e0 a senso unico alternato regolata da semafori, in numerosi punti c&#8217;\u00e8 un asfalto grossolano e ci sono percorsi alternativi da percorrere. Secondo un nostro metereologo la pioggia che \u00e8 caduta su Varazze \u00e8 stata di un&#8217;intensit\u00e0 del 10% superiore alla pioggia caduta negli ultimi 500 anni. Abbiamo molto da lavorare e confidiamo che questo finanziamento arrivi al pi\u00f9 presto. Sulla mia scrivania ho oltre 1000 richieste di risarcimento danni da evadere al pi\u00f9 presto&#8221; ha concluso Giovanni Delfino.<\/p>\n","protected":false},"excerpt":{"rendered":"<p>Varazze. &#8220;Il Capo della Protezione civile Guido Bertolaso si \u00e8 dimostrato ancora una volta uomo del fare e uomo di parola&#8221;. E&#8217; questa la reazione a caldo del sindaco di Varazze Giovanni Delfino una volta appreso della firma del presidente del Consiglio dei Ministri Berlusconi dell&#8217;ordinanza di protezione civile relativa ai danni provocati dal nubifragio [&hellip;]<\/p>\n","protected":false},"author":4381,"featured_media":0,"comment_status":"open","ping_status":"closed","sticky":false,"template":"","format":"standard","meta":{"footnotes":""},"categories":[34],"tags":[5386,3294,7199,2215,1978,677,85868],"class_list":["post-112621","post","type-post","status-publish","format-standard","hentry","category-cronaca","tag-alluvione","tag-danni","tag-giovanni-delfino","tag-guido-bertolaso","tag-ordinanza","tag-protezione-civile","tag-varazze","post_cat_citta-varazze"],"amp_validity":null,"amp_enabled":true,"_links":{"self":[{"href":"https:\/\/staging.ivg.it\/ediapi\/wp\/v2\/posts\/112621","targetHints":{"allow":["GET"]}}],"collection":[{"href":"https:\/\/staging.ivg.it\/ediapi\/wp\/v2\/posts"}],"about":[{"href":"https:\/\/staging.ivg.it\/ediapi\/wp\/v2\/types\/post"}],"author":[{"embeddable":true,"href":"https:\/\/staging.ivg.it\/ediapi\/wp\/v2\/users\/4381"}],"replies":[{"embeddable":true,"href":"https:\/\/staging.ivg.it\/ediapi\/wp\/v2\/comments?post=112621"}],"version-history":[{"count":0,"href":"https:\/\/staging.ivg.it\/ediapi\/wp\/v2\/posts\/112621\/revisions"}],"wp:attachment":[{"href":"https:\/\/staging.ivg.it\/ediapi\/wp\/v2\/media?parent=112621"}],"wp:term":[{"taxonomy":"category","embeddable":true,"href":"https:\/\/staging.ivg.it\/ediapi\/wp\/v2\/categories?post=112621"},{"taxonomy":"post_tag","embeddable":true,"href":"https:\/\/staging.ivg.it\/ediapi\/wp\/v2\/tags?post=112621"}],"curies":[{"name":"wp","href":"https:\/\/api.w.org\/{rel}","templated":true}]}}