{"id":110864,"date":"2010-10-15T15:45:42","date_gmt":"2010-10-15T13:45:42","guid":{"rendered":"http:\/\/www.ivg.it\/?p=110864"},"modified":"2010-10-16T10:24:00","modified_gmt":"2010-10-16T08:24:00","slug":"comunali-savona-de-cia-potrebbe-essere-loutsider-giusto-vicino-alludc","status":"publish","type":"post","link":"https:\/\/staging.ivg.it\/2010\/10\/comunali-savona-de-cia-potrebbe-essere-loutsider-giusto-vicino-alludc\/","title":{"rendered":"Comunali Savona: De Cia potrebbe essere l\u2019outsider, Giusto vicino all\u2019Udc"},"content":{"rendered":"<p><strong>Savona.<\/strong> Per le elezioni comunali di Savona spunta un possibile terzo candidato. Oltre alla candidatura ormai certa dell&#8217;attuale sindaco di Savona Federico Berruti ed in attesa che il centro destra sciolga ogni riserva sul candidato \u00e8 Roberto De Cia, ex segretario Ds e consigliere comunale indipendente del centro sinistra, a lanciare una sua discesa in campo per la sfida delle amministrative di primavera. &#8220;Sono interessato ad una nuova politica e amministrazione per la citt\u00e0 di Savona e se ci saranno da parte di qualcuno delle volont\u00e0 in tal senso io sono disponibile&#8221;. In caso la candidatura di De Cia prendesse corpo ecco la possibilit\u00e0 per il sindaco uscente di perdere consensi nell&#8217;area di centro sinistra.<\/p>\n<p>Sul fronte politico savonese a muovere le acque \u00e8 l&#8217;ex presidente dell&#8217;0rdine dei Medici, che dopo aver lasciato la Lega Nord, potrebbe approdare all&#8217;Udc, quindi sostenere la candidatura di Berruti qualora il partito centrista scegliesse, come sembra, di allearsi con il centro sinistra, ripetendo la formula delle ultime elezioni regionali.<\/p>\n","protected":false},"excerpt":{"rendered":"<p>Savona. Per le elezioni comunali di Savona spunta un possibile terzo candidato. Oltre alla candidatura ormai certa dell&#8217;attuale sindaco di Savona Federico Berruti ed in attesa che il centro destra sciolga ogni riserva sul candidato \u00e8 Roberto De Cia, ex segretario Ds e consigliere comunale indipendente del centro sinistra, a lanciare una sua discesa in [&hellip;]<\/p>\n","protected":false},"author":4,"featured_media":0,"comment_status":"open","ping_status":"closed","sticky":false,"template":"","format":"standard","meta":{"footnotes":""},"categories":[31],"tags":[8783,13534,1062,8795,85850,524],"class_list":["post-110864","post","type-post","status-publish","format-standard","hentry","category-politica","tag-comunali","tag-de-cia","tag-federico-berruti","tag-renato-giusto","tag-savona","tag-udc","post_cat_citta-andora","post_cat_citta-savona"],"amp_validity":null,"amp_enabled":true,"_links":{"self":[{"href":"https:\/\/staging.ivg.it\/ediapi\/wp\/v2\/posts\/110864","targetHints":{"allow":["GET"]}}],"collection":[{"href":"https:\/\/staging.ivg.it\/ediapi\/wp\/v2\/posts"}],"about":[{"href":"https:\/\/staging.ivg.it\/ediapi\/wp\/v2\/types\/post"}],"author":[{"embeddable":true,"href":"https:\/\/staging.ivg.it\/ediapi\/wp\/v2\/users\/4"}],"replies":[{"embeddable":true,"href":"https:\/\/staging.ivg.it\/ediapi\/wp\/v2\/comments?post=110864"}],"version-history":[{"count":0,"href":"https:\/\/staging.ivg.it\/ediapi\/wp\/v2\/posts\/110864\/revisions"}],"wp:attachment":[{"href":"https:\/\/staging.ivg.it\/ediapi\/wp\/v2\/media?parent=110864"}],"wp:term":[{"taxonomy":"category","embeddable":true,"href":"https:\/\/staging.ivg.it\/ediapi\/wp\/v2\/categories?post=110864"},{"taxonomy":"post_tag","embeddable":true,"href":"https:\/\/staging.ivg.it\/ediapi\/wp\/v2\/tags?post=110864"}],"curies":[{"name":"wp","href":"https:\/\/api.w.org\/{rel}","templated":true}]}}