{"id":110332,"date":"2010-10-13T15:03:10","date_gmt":"2010-10-13T13:03:10","guid":{"rendered":"http:\/\/www.ivg.it\/?p=110332"},"modified":"2010-10-13T15:36:46","modified_gmt":"2010-10-13T13:36:46","slug":"sanita-montaldo-prosegue-il-programma-di-day-service","status":"publish","type":"post","link":"https:\/\/staging.ivg.it\/2010\/10\/sanita-montaldo-prosegue-il-programma-di-day-service\/","title":{"rendered":"Sanit\u00e0, Montaldo: prosegue il programma di Day-Service"},"content":{"rendered":"<p><strong>Liguria.<\/strong> &#8220;Il passaggio dai Day Hospital ai Day Service nella sanit\u00e0 ligure va avanti, qualche ospedale \u00e8 un po&#8217; indietro, ma dobbiamo assolutamente portare avanti il passaggio ai Day Service, \u00e8 operativo dal primo luglio, le aziende ospedaliere in ritardo dovranno adeguarsi velocemente&#8221;. Lo ha ribadito l&#8217;assessore alla Sanit\u00e0 della Regione Liguria Claudio Montaldo a margine del convegno &#8220;Anziani che crescono, protagonisti in Liguria di un patto tra generazioni&#8221; organizzato da Federsanit\u00e0 Anci Liguria e Fondazione Carige.<\/p>\n<p>&#8220;Il day service &#8211; ha spiegato Montaldo &#8211; si far\u00e0 anche negli ospedali laddove c&#8217;\u00e9 un&#8217;attivit\u00e0 ambulatoriale verso l&#8217;esterno. L&#8217;unica cosa che cambier\u00e0, \u00e8 che chi non ha l&#8217;esenzione di patologia o l&#8217;esenzione di reddito, pagher\u00e0 un ticket, e questo render\u00e0 pi\u00f9 equa la situazione rispetto a chi per fare gli esami chiama il Cup e va per via ordinaria&#8221;. &#8220;Stiamo lavorando per riorganizzare la spesa eccessiva per gli ospedali in Liguria &#8211; ha concluso l&#8217;assessore alla Sanit\u00e0 -stiamo lavorando per rendere l&#8217;attivit\u00e0 ospedaliera pi\u00f9 appropriata, per realizzare dei risparmi e per riversare le risorse liberate verso i servizi sul territorio&#8221;.<\/p>\n","protected":false},"excerpt":{"rendered":"<p>Liguria. &#8220;Il passaggio dai Day Hospital ai Day Service nella sanit\u00e0 ligure va avanti, qualche ospedale \u00e8 un po&#8217; indietro, ma dobbiamo assolutamente portare avanti il passaggio ai Day Service, \u00e8 operativo dal primo luglio, le aziende ospedaliere in ritardo dovranno adeguarsi velocemente&#8221;. Lo ha ribadito l&#8217;assessore alla Sanit\u00e0 della Regione Liguria Claudio Montaldo a [&hellip;]<\/p>\n","protected":false},"author":13744,"featured_media":0,"comment_status":"open","ping_status":"closed","sticky":false,"template":"","format":"standard","meta":{"footnotes":""},"categories":[],"tags":[393,874,111],"class_list":["post-110332","post","type-post","status-publish","format-standard","hentry","tag-liguria","tag-montaldo","tag-sanita","post_cat_citta-andora"],"amp_validity":null,"amp_enabled":true,"_links":{"self":[{"href":"https:\/\/staging.ivg.it\/ediapi\/wp\/v2\/posts\/110332","targetHints":{"allow":["GET"]}}],"collection":[{"href":"https:\/\/staging.ivg.it\/ediapi\/wp\/v2\/posts"}],"about":[{"href":"https:\/\/staging.ivg.it\/ediapi\/wp\/v2\/types\/post"}],"author":[{"embeddable":true,"href":"https:\/\/staging.ivg.it\/ediapi\/wp\/v2\/users\/13744"}],"replies":[{"embeddable":true,"href":"https:\/\/staging.ivg.it\/ediapi\/wp\/v2\/comments?post=110332"}],"version-history":[{"count":0,"href":"https:\/\/staging.ivg.it\/ediapi\/wp\/v2\/posts\/110332\/revisions"}],"wp:attachment":[{"href":"https:\/\/staging.ivg.it\/ediapi\/wp\/v2\/media?parent=110332"}],"wp:term":[{"taxonomy":"category","embeddable":true,"href":"https:\/\/staging.ivg.it\/ediapi\/wp\/v2\/categories?post=110332"},{"taxonomy":"post_tag","embeddable":true,"href":"https:\/\/staging.ivg.it\/ediapi\/wp\/v2\/tags?post=110332"}],"curies":[{"name":"wp","href":"https:\/\/api.w.org\/{rel}","templated":true}]}}