{"id":110195,"date":"2010-10-13T08:09:17","date_gmt":"2010-10-13T06:09:17","guid":{"rendered":"http:\/\/www.ivg.it\/?p=110195"},"modified":"2010-10-13T13:00:33","modified_gmt":"2010-10-13T11:00:33","slug":"camera-di-commercio-verso-la-nomina-del-presidente","status":"publish","type":"post","link":"https:\/\/staging.ivg.it\/2010\/10\/camera-di-commercio-verso-la-nomina-del-presidente\/","title":{"rendered":"Camera di Commercio verso la nomina del presidente"},"content":{"rendered":"<p><strong>Savona<\/strong>. Niente pi\u00f9 commissariamento, il nuovo Consiglio camerale c&#8217;\u00e8. Il 26 ottobre, infatti, \u00e8 prevista la prima riunione per la nomina del presidente che, molto probabilmente, sar\u00e0 Luciano Pasquale che pu\u00f2 contare su 16 voti contro gli 11 del presidente uscente Grasso.<\/p>\n<p>Questi i nomi dello schieramento che sostiene la candidatura di Pasquale: Vincenzo Bertino, Paolo Prefumo, Giuseppe Barberis, Gianni Carbone, Giuseppe Cerminara, Albino Chiesa, Paola Freccero , Mauro Fresia, Gianfranco Gaiotti, Riccardo Genta, Luciano Pasquale, Mattia Rossi, Annamaria Torterolo, Vincenzo Zarrillo, Silvio Valdisserra, Federico Ascheri. Dall\u2019altra parte, lo schieramento vicino al presidente uscente Franco Zino, Roberto Manzo e Maurizio Devasini (Confesercenti), Paolo Calcagno (Coldiretti), Mariano Cerro, Attilio Penna, Ennio Fazio (florvivaismo), Luciano Manasia, Bruno Angelucci e Marinella Fasano oltre al presidente Grasso per la Confartigianato.<\/p>\n","protected":false},"excerpt":{"rendered":"<p>Savona. Niente pi\u00f9 commissariamento, il nuovo Consiglio camerale c&#8217;\u00e8. Il 26 ottobre, infatti, \u00e8 prevista la prima riunione per la nomina del presidente che, molto probabilmente, sar\u00e0 Luciano Pasquale che pu\u00f2 contare su 16 voti contro gli 11 del presidente uscente Grasso. Questi i nomi dello schieramento che sostiene la candidatura di Pasquale: Vincenzo Bertino, [&hellip;]<\/p>\n","protected":false},"author":13744,"featured_media":0,"comment_status":"open","ping_status":"closed","sticky":false,"template":"","format":"standard","meta":{"footnotes":""},"categories":[35],"tags":[174,20232,172,2156,85850],"class_list":["post-110195","post","type-post","status-publish","format-standard","hentry","category-economia","tag-camera-commercio","tag-consiglio-camerale","tag-giancarlo-grasso","tag-luciano-pasquale","tag-savona","post_cat_citta-savona"],"amp_validity":null,"amp_enabled":true,"_links":{"self":[{"href":"https:\/\/staging.ivg.it\/ediapi\/wp\/v2\/posts\/110195","targetHints":{"allow":["GET"]}}],"collection":[{"href":"https:\/\/staging.ivg.it\/ediapi\/wp\/v2\/posts"}],"about":[{"href":"https:\/\/staging.ivg.it\/ediapi\/wp\/v2\/types\/post"}],"author":[{"embeddable":true,"href":"https:\/\/staging.ivg.it\/ediapi\/wp\/v2\/users\/13744"}],"replies":[{"embeddable":true,"href":"https:\/\/staging.ivg.it\/ediapi\/wp\/v2\/comments?post=110195"}],"version-history":[{"count":0,"href":"https:\/\/staging.ivg.it\/ediapi\/wp\/v2\/posts\/110195\/revisions"}],"wp:attachment":[{"href":"https:\/\/staging.ivg.it\/ediapi\/wp\/v2\/media?parent=110195"}],"wp:term":[{"taxonomy":"category","embeddable":true,"href":"https:\/\/staging.ivg.it\/ediapi\/wp\/v2\/categories?post=110195"},{"taxonomy":"post_tag","embeddable":true,"href":"https:\/\/staging.ivg.it\/ediapi\/wp\/v2\/tags?post=110195"}],"curies":[{"name":"wp","href":"https:\/\/api.w.org\/{rel}","templated":true}]}}