{"id":110188,"date":"2010-10-13T00:11:58","date_gmt":"2010-10-12T22:11:58","guid":{"rendered":"http:\/\/www.ivg.it\/?p=110188"},"modified":"2010-10-13T09:34:27","modified_gmt":"2010-10-13T07:34:27","slug":"calcio-seconda-divisione-cinque-giocatori-fermati-per-un-turno","status":"publish","type":"post","link":"https:\/\/staging.ivg.it\/2010\/10\/calcio-seconda-divisione-cinque-giocatori-fermati-per-un-turno\/","title":{"rendered":"Calcio, Seconda Divisione: cinque giocatori fermati per un turno"},"content":{"rendered":"<p><strong>Savona<\/strong>. Nello scorso fine settimana, cos\u00ec come nel precedente, il girone A della Seconda Divisione si \u00e8 dimostrato particolarmente &#8220;buono&#8221;. Il giudice sportivo non ha inflitto ammende alle societ\u00e0, n\u00e9 ha sancito pesanti squalifiche.<\/p>\n<p>Sono solamente cinque i calciatori squalificati, tutti per una giornata. Tra di essi vi \u00e8 Alex Valentini (Pro Vercelli), espulso &#8220;per avere commesso fallo su un avversario lanciato a rete senza ostacolo&#8221;. Sono stati fermati per un turno, ma per avere collezionato il quarto cartellino giallo, anche Mirko Traversi (Mezzocorona), Stefano Fusari (Montichiari), Matteo Di Piazza (Pro Vercelli), Enrico Bortolotto (Tritium).<\/p>\n<p>La partita di domani tra Spezia e Savona, valida per la Coppa Italia, sar\u00e0 arbitrata da Paolo Castro della sezione di Catania. Assistenti di linea saranno Simone Albino (Rovereto) e Matteo Pellegrini (Arco Riva).<\/p>\n<p>&#8220;Quella di domani \u00e8 una partita che sicuramente prendiamo nella giusta considerazione, di sicuro non andiamo a fare una gita &#8211; ha dichiarato Ruotolo -. L&#8217;obiettivo di chi giocher\u00e0 domani \u00e8 quello di vincere, ci teniamo a fare una bella figura e una buona prestazione. Poi \u00e8 normale che la priorit\u00e0 resta il campionato&#8221;.<\/p>\n","protected":false},"excerpt":{"rendered":"<p>Savona. Nello scorso fine settimana, cos\u00ec come nel precedente, il girone A della Seconda Divisione si \u00e8 dimostrato particolarmente &#8220;buono&#8221;. Il giudice sportivo non ha inflitto ammende alle societ\u00e0, n\u00e9 ha sancito pesanti squalifiche. Sono solamente cinque i calciatori squalificati, tutti per una giornata. Tra di essi vi \u00e8 Alex Valentini (Pro Vercelli), espulso &#8220;per [&hellip;]<\/p>\n","protected":false},"author":5,"featured_media":0,"comment_status":"open","ping_status":"closed","sticky":false,"template":"","format":"standard","meta":{"footnotes":""},"categories":[32],"tags":[85989,12494,85850,5339,16680],"class_list":["post-110188","post","type-post","status-publish","format-standard","hentry","category-sport","tag-calcio","tag-giudice-sportivo","tag-savona","tag-seconda-divisione","tag-squalificati","post_cat_citta-savona"],"amp_validity":null,"amp_enabled":true,"_links":{"self":[{"href":"https:\/\/staging.ivg.it\/ediapi\/wp\/v2\/posts\/110188","targetHints":{"allow":["GET"]}}],"collection":[{"href":"https:\/\/staging.ivg.it\/ediapi\/wp\/v2\/posts"}],"about":[{"href":"https:\/\/staging.ivg.it\/ediapi\/wp\/v2\/types\/post"}],"author":[{"embeddable":true,"href":"https:\/\/staging.ivg.it\/ediapi\/wp\/v2\/users\/5"}],"replies":[{"embeddable":true,"href":"https:\/\/staging.ivg.it\/ediapi\/wp\/v2\/comments?post=110188"}],"version-history":[{"count":0,"href":"https:\/\/staging.ivg.it\/ediapi\/wp\/v2\/posts\/110188\/revisions"}],"wp:attachment":[{"href":"https:\/\/staging.ivg.it\/ediapi\/wp\/v2\/media?parent=110188"}],"wp:term":[{"taxonomy":"category","embeddable":true,"href":"https:\/\/staging.ivg.it\/ediapi\/wp\/v2\/categories?post=110188"},{"taxonomy":"post_tag","embeddable":true,"href":"https:\/\/staging.ivg.it\/ediapi\/wp\/v2\/tags?post=110188"}],"curies":[{"name":"wp","href":"https:\/\/api.w.org\/{rel}","templated":true}]}}