{"id":110146,"date":"2010-10-12T18:23:37","date_gmt":"2010-10-12T16:23:37","guid":{"rendered":"http:\/\/www.ivg.it\/?p=110146"},"modified":"2010-10-13T12:31:20","modified_gmt":"2010-10-13T10:31:20","slug":"savona-sudamericano-pestato-a-sangue-dopo-tentato-furto-denunciato-49enne","status":"publish","type":"post","link":"https:\/\/staging.ivg.it\/2010\/10\/savona-sudamericano-pestato-a-sangue-dopo-tentato-furto-denunciato-49enne\/","title":{"rendered":"Savona, sudamericano pestato a sangue dopo tentato furto: denunciato 49enne"},"content":{"rendered":"<p><strong>Savona. <\/strong>Gli stavano rubando l&#8217;auto sotto casa, allora S.F., 49 anni di Savona con piccoli precedenti, avvisato dalla moglie, \u00e8 prontamente arrivato sul posto quando ha visto due sudamericani intenti ad aprire la sua vettura parcheggiata poco distante dall&#8217;abitazione. L&#8217;uomo non ci ha pi\u00f9 visto e mentre uno dei due extracomunitari si \u00e8 dato prontamente alla fuga l&#8217;altro, in un forte stato di ebbrezza, \u00e8 stato preso violentemente a calci e pugni dall&#8217;uomo, tanto da farlo svenire. L&#8217;arrivo poco dopo di una pattuglia dei carabinieri non \u00e8 riuscito ad evitare il violento pestaggio.<\/p>\n<p>Il sudamericano \u00e8 stato soccorso e trasportato all&#8217;ospedale Santa Corona di Pietra Ligure e solo nel pomeriggio di oggi ha ripreso conoscenza. I militari, che avevano trattenuto in stato di fermo S.F. per tutta la giornata, lo hanno alla fine denunciato in stato di libert\u00e0 per lesioni gravi.<\/p>\n","protected":false},"excerpt":{"rendered":"<p>Savona. Gli stavano rubando l&#8217;auto sotto casa, allora S.F., 49 anni di Savona con piccoli precedenti, avvisato dalla moglie, \u00e8 prontamente arrivato sul posto quando ha visto due sudamericani intenti ad aprire la sua vettura parcheggiata poco distante dall&#8217;abitazione. L&#8217;uomo non ci ha pi\u00f9 visto e mentre uno dei due extracomunitari si \u00e8 dato prontamente [&hellip;]<\/p>\n","protected":false},"author":4,"featured_media":0,"comment_status":"open","ping_status":"closed","sticky":false,"template":"","format":"standard","meta":{"footnotes":""},"categories":[34],"tags":[85850],"class_list":["post-110146","post","type-post","status-publish","format-standard","hentry","category-cronaca","tag-savona","post_cat_citta-andora","post_cat_citta-savona"],"amp_validity":null,"amp_enabled":true,"_links":{"self":[{"href":"https:\/\/staging.ivg.it\/ediapi\/wp\/v2\/posts\/110146","targetHints":{"allow":["GET"]}}],"collection":[{"href":"https:\/\/staging.ivg.it\/ediapi\/wp\/v2\/posts"}],"about":[{"href":"https:\/\/staging.ivg.it\/ediapi\/wp\/v2\/types\/post"}],"author":[{"embeddable":true,"href":"https:\/\/staging.ivg.it\/ediapi\/wp\/v2\/users\/4"}],"replies":[{"embeddable":true,"href":"https:\/\/staging.ivg.it\/ediapi\/wp\/v2\/comments?post=110146"}],"version-history":[{"count":0,"href":"https:\/\/staging.ivg.it\/ediapi\/wp\/v2\/posts\/110146\/revisions"}],"wp:attachment":[{"href":"https:\/\/staging.ivg.it\/ediapi\/wp\/v2\/media?parent=110146"}],"wp:term":[{"taxonomy":"category","embeddable":true,"href":"https:\/\/staging.ivg.it\/ediapi\/wp\/v2\/categories?post=110146"},{"taxonomy":"post_tag","embeddable":true,"href":"https:\/\/staging.ivg.it\/ediapi\/wp\/v2\/tags?post=110146"}],"curies":[{"name":"wp","href":"https:\/\/api.w.org\/{rel}","templated":true}]}}