{"id":109663,"date":"2010-10-11T10:35:27","date_gmt":"2010-10-11T08:35:27","guid":{"rendered":"http:\/\/www.ivg.it\/?p=109663"},"modified":"2010-10-11T16:13:32","modified_gmt":"2010-10-11T14:13:32","slug":"boissano-inaugurata-la-nuova-struttura-sportiva-comprensoriale","status":"publish","type":"post","link":"https:\/\/staging.ivg.it\/2010\/10\/boissano-inaugurata-la-nuova-struttura-sportiva-comprensoriale\/","title":{"rendered":"Boissano, inaugurata la nuova struttura sportiva comprensoriale (foto)"},"content":{"rendered":"<p><strong>Boissano.<\/strong> E&#8217;stata inaugurata questa mattina, la struttura sportiva polifunzionale comprensoriale di Boissano. Il nuovo impianto \u00e8 nato grazie all\u2019accordo di programma sottoscritto tra Comunit\u00e0 Montana e dodici amministrazioni comunali del comprensorio. La nuova struttura, in localit\u00e0 Marici, rappresenta un tassello importante per l\u2019offerta sportiva della Val Maremola.<\/p>\n<p>La storia di questo impianto si perde nella notte dei tempi: con i mondiali di Italia &#8217;90 era stato dato una quota di finanziamento dal CONI per la realizzazione dell&#8217;opera che \u00e8 rimasta incompiuta fino al 2004 quando, l&#8217;allora Assessore Pesce della Provincia era riuscito a riunire i 12 Comuni che si sono impegnati a sottoscrivere un nuovo mutuo per finire i lavori di questo campo che ha un valore comprensoriale.<\/p>\n<p>&#8220;Questo\u00a0campo dar\u00e0 l&#8217;opportunit\u00e0 ai nostri cittadini di fare attivit\u00e0 sportiva anche col supporto di atleti, soprattutto per le scuole: l&#8217;atletica non \u00e8 una disciplina che va per la maggiore ma \u00e8 sicuramente completa e formativa e va incentivata&#8221; ha detto il sindaco di Boissano Rita Olivari.<\/p>\n","protected":false},"excerpt":{"rendered":"<p>Boissano. E&#8217;stata inaugurata questa mattina, la struttura sportiva polifunzionale comprensoriale di Boissano. Il nuovo impianto \u00e8 nato grazie all\u2019accordo di programma sottoscritto tra Comunit\u00e0 Montana e dodici amministrazioni comunali del comprensorio. La nuova struttura, in localit\u00e0 Marici, rappresenta un tassello importante per l\u2019offerta sportiva della Val Maremola. La storia di questo impianto si perde nella [&hellip;]<\/p>\n","protected":false},"author":13744,"featured_media":0,"comment_status":"open","ping_status":"closed","sticky":false,"template":"","format":"standard","meta":{"footnotes":""},"categories":[],"tags":[85881,200],"class_list":["post-109663","post","type-post","status-publish","format-standard","hentry","tag-boissano","tag-inaugurazione","post_cat_citta-boissano"],"amp_validity":null,"amp_enabled":true,"_links":{"self":[{"href":"https:\/\/staging.ivg.it\/ediapi\/wp\/v2\/posts\/109663","targetHints":{"allow":["GET"]}}],"collection":[{"href":"https:\/\/staging.ivg.it\/ediapi\/wp\/v2\/posts"}],"about":[{"href":"https:\/\/staging.ivg.it\/ediapi\/wp\/v2\/types\/post"}],"author":[{"embeddable":true,"href":"https:\/\/staging.ivg.it\/ediapi\/wp\/v2\/users\/13744"}],"replies":[{"embeddable":true,"href":"https:\/\/staging.ivg.it\/ediapi\/wp\/v2\/comments?post=109663"}],"version-history":[{"count":0,"href":"https:\/\/staging.ivg.it\/ediapi\/wp\/v2\/posts\/109663\/revisions"}],"wp:attachment":[{"href":"https:\/\/staging.ivg.it\/ediapi\/wp\/v2\/media?parent=109663"}],"wp:term":[{"taxonomy":"category","embeddable":true,"href":"https:\/\/staging.ivg.it\/ediapi\/wp\/v2\/categories?post=109663"},{"taxonomy":"post_tag","embeddable":true,"href":"https:\/\/staging.ivg.it\/ediapi\/wp\/v2\/tags?post=109663"}],"curies":[{"name":"wp","href":"https:\/\/api.w.org\/{rel}","templated":true}]}}