{"id":108787,"date":"2010-10-07T11:11:44","date_gmt":"2010-10-07T09:11:44","guid":{"rendered":"http:\/\/www.ivg.it\/?p=108787"},"modified":"2010-10-07T11:12:58","modified_gmt":"2010-10-07T09:12:58","slug":"albisola-domenica-torna-trail-dei-3-comuni","status":"publish","type":"post","link":"https:\/\/staging.ivg.it\/2010\/10\/albisola-domenica-torna-trail-dei-3-comuni\/","title":{"rendered":"Albisola, domenica torna &#8220;Trail dei 3 Comuni&#8221;"},"content":{"rendered":"<p><strong>Albisola S.<\/strong> Ritorna domenica l&#8217;appuntamento con il  &#8220;Trail dei 3 Comuni&#8221;, manifestazione voluta dal Santuario della Madonna della Pace per festeggiare la patrona dei Comuni delle Albisole e di Stella. La manifestazione, che prevede camminate e corse sulle colline, \u00e8 articolata in diversi percorsi destinati, a seconda del grado di difficolt\u00e0 e della lughezza del percorso, a dilettanti o atleti. Rivolta a ragazzi, adulti, famiglie e adatta anche a corridori che vogliono cimentarsi in una corsa pi\u00f9 tradizionale, \u00e8 la &#8220;Su e gi\u00f9 per le Albisole&#8221;.<\/p>\n<p>Tutti i percorsi hanno partenza ed arrivo al Santuario della Pace. I vari tracciati attraverseranno i territori delle Albisole, di Stella, Pontinvrea e Sassello. Tratti tradizionali tipici della corsa podistica saranno alternati a sterrati e sentieri, con continue variazioni di scorci panoramici tra il mare e le colline albisolesi.<\/p>\n<p>I proventi della &#8220;Su e gi\u00f9 per le Albisole&#8221; saranno devoluti ad una Associazione per scopi sociali. La manifestazione \u00e8 curata e realizzata dal Comitato Trail 3C con la collaborazione dei Comuni di Albisola Superiore, Albissola Marina e Stella, del Santuario della Pace e con il patrocinio della Regione Liguria e della Provincia di Savona.<\/p>\n<p>Il 10 ottobre 2010, inoltre, prender\u00e0 il via, il trofeo di bocce &#8220;Citt\u00e0 di Albisola Superiore&#8221;, gara nazionale di propaganda a quadrette che si concluder\u00e0 il 17 ottobre. La manifestazione \u00e8 a cura dell&#8217;A.S.D. Bocciofila Albisola.<\/p>\n","protected":false},"excerpt":{"rendered":"<p>Albisola S. Ritorna domenica l&#8217;appuntamento con il &#8220;Trail dei 3 Comuni&#8221;, manifestazione voluta dal Santuario della Madonna della Pace per festeggiare la patrona dei Comuni delle Albisole e di Stella. La manifestazione, che prevede camminate e corse sulle colline, \u00e8 articolata in diversi percorsi destinati, a seconda del grado di difficolt\u00e0 e della lughezza del [&hellip;]<\/p>\n","protected":false},"author":13744,"featured_media":0,"comment_status":"open","ping_status":"closed","sticky":false,"template":"","format":"standard","meta":{"footnotes":""},"categories":[56,32],"tags":[432,345,2051,11527],"class_list":["post-108787","post","type-post","status-publish","format-standard","hentry","category-altre","category-sport","tag-albisola","tag-corsa","tag-gara","tag-trail","post_cat_citta-albisola-superiore"],"amp_validity":null,"amp_enabled":true,"_links":{"self":[{"href":"https:\/\/staging.ivg.it\/ediapi\/wp\/v2\/posts\/108787","targetHints":{"allow":["GET"]}}],"collection":[{"href":"https:\/\/staging.ivg.it\/ediapi\/wp\/v2\/posts"}],"about":[{"href":"https:\/\/staging.ivg.it\/ediapi\/wp\/v2\/types\/post"}],"author":[{"embeddable":true,"href":"https:\/\/staging.ivg.it\/ediapi\/wp\/v2\/users\/13744"}],"replies":[{"embeddable":true,"href":"https:\/\/staging.ivg.it\/ediapi\/wp\/v2\/comments?post=108787"}],"version-history":[{"count":0,"href":"https:\/\/staging.ivg.it\/ediapi\/wp\/v2\/posts\/108787\/revisions"}],"wp:attachment":[{"href":"https:\/\/staging.ivg.it\/ediapi\/wp\/v2\/media?parent=108787"}],"wp:term":[{"taxonomy":"category","embeddable":true,"href":"https:\/\/staging.ivg.it\/ediapi\/wp\/v2\/categories?post=108787"},{"taxonomy":"post_tag","embeddable":true,"href":"https:\/\/staging.ivg.it\/ediapi\/wp\/v2\/tags?post=108787"}],"curies":[{"name":"wp","href":"https:\/\/api.w.org\/{rel}","templated":true}]}}