{"id":108782,"date":"2010-10-07T10:59:47","date_gmt":"2010-10-07T08:59:47","guid":{"rendered":"http:\/\/www.ivg.it\/?p=108782"},"modified":"2010-10-07T13:55:34","modified_gmt":"2010-10-07T11:55:34","slug":"domani-lo-sciopero-nei-settori-della-conoscenza-lezioni-a-rischio","status":"publish","type":"post","link":"https:\/\/staging.ivg.it\/2010\/10\/domani-lo-sciopero-nei-settori-della-conoscenza-lezioni-a-rischio\/","title":{"rendered":"Domani lo sciopero nei settori della conoscenza: lezioni a rischio"},"content":{"rendered":"<p><strong>Savona.<\/strong> Tutto per lo sciopero dei settori della conoscenza fissato per domani mattina. La protesta riguarder\u00e0 la prima ora di lezione e coinvolger\u00e0 il personale di scuole, universit\u00e0, enti di ricerca e formazione, accademie e conservatori. Il personale impegnato nei turni pomeridiani e serali incrocer\u00e0 invece le braccia l\u2019ultima ora di servizio.<\/p>\n<p>A proclamare lo sciopero \u00e8 stata la Flc (Federazione lavoratori della conoscenza) Cgil che motiva cos\u00ec questa scelta:  &#8220;Bloccano gli stipendi e i contratti, congelano le progressioni economiche e di carriera, tagliano centinaia di migliaia di posti di lavoro, licenziano i precari, tolgono risorse al sistema della formazione e dell\u2019istruzione, riformano la scuola e l\u2019universit\u00e0 solo per fare cassa, sopprimono enti di ricerca, aumentano l\u2019et\u00e0 pensionabile, meno servizi, meno istruzione, meno formazione per tutti: ce n&#8217;\u00e8 abbastanza per scioperare. Il nostro appello \u00e8 dunque &#8216;Rompiamo il silenzio&#8217;. I lavoratori della conoscenza chiedono ad alta voce di fermare questo scempio e di ripristinare le risorse necessarie nella prossima finanziaria&#8221;.<\/p>\n","protected":false},"excerpt":{"rendered":"<p>Savona. Tutto per lo sciopero dei settori della conoscenza fissato per domani mattina. La protesta riguarder\u00e0 la prima ora di lezione e coinvolger\u00e0 il personale di scuole, universit\u00e0, enti di ricerca e formazione, accademie e conservatori. Il personale impegnato nei turni pomeridiani e serali incrocer\u00e0 invece le braccia l\u2019ultima ora di servizio. A proclamare lo [&hellip;]<\/p>\n","protected":false},"author":5,"featured_media":0,"comment_status":"open","ping_status":"closed","sticky":false,"template":"","format":"standard","meta":{"footnotes":""},"categories":[34],"tags":[869,6882,782,1136,2152,199,11769,1466,424],"class_list":["post-108782","post","type-post","status-publish","format-standard","hentry","category-cronaca","tag-finanziaria","tag-flc-cgil","tag-insegnanti","tag-precari","tag-sciopero","tag-scuola","tag-stipendi","tag-tagli","tag-universita","post_cat_citta-savona"],"amp_validity":null,"amp_enabled":true,"_links":{"self":[{"href":"https:\/\/staging.ivg.it\/ediapi\/wp\/v2\/posts\/108782","targetHints":{"allow":["GET"]}}],"collection":[{"href":"https:\/\/staging.ivg.it\/ediapi\/wp\/v2\/posts"}],"about":[{"href":"https:\/\/staging.ivg.it\/ediapi\/wp\/v2\/types\/post"}],"author":[{"embeddable":true,"href":"https:\/\/staging.ivg.it\/ediapi\/wp\/v2\/users\/5"}],"replies":[{"embeddable":true,"href":"https:\/\/staging.ivg.it\/ediapi\/wp\/v2\/comments?post=108782"}],"version-history":[{"count":0,"href":"https:\/\/staging.ivg.it\/ediapi\/wp\/v2\/posts\/108782\/revisions"}],"wp:attachment":[{"href":"https:\/\/staging.ivg.it\/ediapi\/wp\/v2\/media?parent=108782"}],"wp:term":[{"taxonomy":"category","embeddable":true,"href":"https:\/\/staging.ivg.it\/ediapi\/wp\/v2\/categories?post=108782"},{"taxonomy":"post_tag","embeddable":true,"href":"https:\/\/staging.ivg.it\/ediapi\/wp\/v2\/tags?post=108782"}],"curies":[{"name":"wp","href":"https:\/\/api.w.org\/{rel}","templated":true}]}}