{"id":107143,"date":"2010-09-30T10:59:38","date_gmt":"2010-09-30T08:59:38","guid":{"rendered":"http:\/\/www.ivg.it\/?p=107143"},"modified":"2010-09-30T11:15:53","modified_gmt":"2010-09-30T09:15:53","slug":"festa-della-liberta-a-milano-mobilitazione-del-pdl-ligure","status":"publish","type":"post","link":"https:\/\/staging.ivg.it\/2010\/09\/festa-della-liberta-a-milano-mobilitazione-del-pdl-ligure\/","title":{"rendered":"Festa della Libert\u00e0 a Milano: mobilitazione del Pdl ligure"},"content":{"rendered":"<p><strong>Liguria. <\/strong>Il 3 ottobre, in occasione dell\u00b4intervento di chiusura del Presidente Silvio Berlusconi alla manifestazione della Festa della Libert\u00e0 che si sta svolgendo a Milano presso il Castello Sforzesco, la Liguria si mobiliter\u00e0 a sostegno del Premier.<\/p>\n<p>&#8220;Abbiamo gi\u00e0 raggiunto pi\u00f9 di 1000 adesioni da parte dei nostri sostenitori &#8211; afferma il Coordinatore Regionale del PdL On.le Michele Scandroglio -, i Coordinamenti provinciali e delle citt\u00e0 stanno lavorando nell\u00b4organizzazione dei pullman per la trasferta a Milano e molti raggiungeranno il capoluogo lombardo con treno e mezzi privati. Tutti insieme vogliamo dimostrare il nostro immutato appoggio al Presidente assicurando una calorosa partecipazione della nostra Regione&#8221;.<\/p>\n<p>&#8220;Ad accompagnare i nostri sostenitori &#8211; prosegue Scandroglio &#8211; saranno presenti tutti i Parlamentari e i Consiglieri Regionali della Liguria&#8221;.\u00a0 &#8220;Sar\u00e0 &#8216;ennesima occasione &#8211; conclude il Coordinatore Regionale &#8211; per dimostrare a tutti che il Popolo della Libert\u00e0 \u00e8 unito&#8221;.<\/p>\n","protected":false},"excerpt":{"rendered":"<p>Liguria. Il 3 ottobre, in occasione dell\u00b4intervento di chiusura del Presidente Silvio Berlusconi alla manifestazione della Festa della Libert\u00e0 che si sta svolgendo a Milano presso il Castello Sforzesco, la Liguria si mobiliter\u00e0 a sostegno del Premier. &#8220;Abbiamo gi\u00e0 raggiunto pi\u00f9 di 1000 adesioni da parte dei nostri sostenitori &#8211; afferma il Coordinatore Regionale del [&hellip;]<\/p>\n","protected":false},"author":5,"featured_media":0,"comment_status":"open","ping_status":"closed","sticky":false,"template":"","format":"standard","meta":{"footnotes":""},"categories":[31],"tags":[3205,216,696],"class_list":["post-107143","post","type-post","status-publish","format-standard","hentry","category-politica","tag-michele-scandroglio","tag-pdl","tag-silvio-berlusconi","post_cat_citta-andora"],"amp_validity":null,"amp_enabled":true,"_links":{"self":[{"href":"https:\/\/staging.ivg.it\/ediapi\/wp\/v2\/posts\/107143","targetHints":{"allow":["GET"]}}],"collection":[{"href":"https:\/\/staging.ivg.it\/ediapi\/wp\/v2\/posts"}],"about":[{"href":"https:\/\/staging.ivg.it\/ediapi\/wp\/v2\/types\/post"}],"author":[{"embeddable":true,"href":"https:\/\/staging.ivg.it\/ediapi\/wp\/v2\/users\/5"}],"replies":[{"embeddable":true,"href":"https:\/\/staging.ivg.it\/ediapi\/wp\/v2\/comments?post=107143"}],"version-history":[{"count":0,"href":"https:\/\/staging.ivg.it\/ediapi\/wp\/v2\/posts\/107143\/revisions"}],"wp:attachment":[{"href":"https:\/\/staging.ivg.it\/ediapi\/wp\/v2\/media?parent=107143"}],"wp:term":[{"taxonomy":"category","embeddable":true,"href":"https:\/\/staging.ivg.it\/ediapi\/wp\/v2\/categories?post=107143"},{"taxonomy":"post_tag","embeddable":true,"href":"https:\/\/staging.ivg.it\/ediapi\/wp\/v2\/tags?post=107143"}],"curies":[{"name":"wp","href":"https:\/\/api.w.org\/{rel}","templated":true}]}}