{"id":106781,"date":"2010-09-28T16:28:18","date_gmt":"2010-09-28T14:28:18","guid":{"rendered":"http:\/\/www.ivg.it\/?p=106781"},"modified":"2010-09-28T16:28:49","modified_gmt":"2010-09-28T14:28:49","slug":"noli-ecco-lorario-invernale-della-biblioteca-civica","status":"publish","type":"post","link":"https:\/\/staging.ivg.it\/2010\/09\/noli-ecco-lorario-invernale-della-biblioteca-civica\/","title":{"rendered":"Noli, ecco l\u2019orario invernale della Biblioteca Civica"},"content":{"rendered":"<p><strong>Noli<\/strong>. E&#8217; stato reso noto vigore l&#8217;orario invernale della Biblioteca Civica &#8220;A.Minella&#8221; di Noli, che sar\u00e0 in vigore dall&#8217;1 ottobre 2010 fino al 30 giugno 2011.<\/p>\n<p>La Biblioteca sar\u00e0 aperta al luned\u00ec, al mercoled\u00ec e al venerd\u00ec dalle 9,30 alle 12,30. Per quanto riguarda i pomeriggi, Biblioteca e Informagiovani al luned\u00ec e al mercoled\u00ec dalle 15,00 alle 18,00.<\/p>\n","protected":false},"excerpt":{"rendered":"<p>Noli. E&#8217; stato reso noto vigore l&#8217;orario invernale della Biblioteca Civica &#8220;A.Minella&#8221; di Noli, che sar\u00e0 in vigore dall&#8217;1 ottobre 2010 fino al 30 giugno 2011. La Biblioteca sar\u00e0 aperta al luned\u00ec, al mercoled\u00ec e al venerd\u00ec dalle 9,30 alle 12,30. Per quanto riguarda i pomeriggi, Biblioteca e Informagiovani al luned\u00ec e al mercoled\u00ec dalle [&hellip;]<\/p>\n","protected":false},"author":13744,"featured_media":0,"comment_status":"open","ping_status":"closed","sticky":false,"template":"","format":"standard","meta":{"footnotes":""},"categories":[],"tags":[86092,85925,8622],"class_list":["post-106781","post","type-post","status-publish","format-standard","hentry","tag-biblioteca-civica","tag-noli","tag-orario","post_cat_citta-noli"],"amp_validity":null,"amp_enabled":true,"_links":{"self":[{"href":"https:\/\/staging.ivg.it\/ediapi\/wp\/v2\/posts\/106781","targetHints":{"allow":["GET"]}}],"collection":[{"href":"https:\/\/staging.ivg.it\/ediapi\/wp\/v2\/posts"}],"about":[{"href":"https:\/\/staging.ivg.it\/ediapi\/wp\/v2\/types\/post"}],"author":[{"embeddable":true,"href":"https:\/\/staging.ivg.it\/ediapi\/wp\/v2\/users\/13744"}],"replies":[{"embeddable":true,"href":"https:\/\/staging.ivg.it\/ediapi\/wp\/v2\/comments?post=106781"}],"version-history":[{"count":0,"href":"https:\/\/staging.ivg.it\/ediapi\/wp\/v2\/posts\/106781\/revisions"}],"wp:attachment":[{"href":"https:\/\/staging.ivg.it\/ediapi\/wp\/v2\/media?parent=106781"}],"wp:term":[{"taxonomy":"category","embeddable":true,"href":"https:\/\/staging.ivg.it\/ediapi\/wp\/v2\/categories?post=106781"},{"taxonomy":"post_tag","embeddable":true,"href":"https:\/\/staging.ivg.it\/ediapi\/wp\/v2\/tags?post=106781"}],"curies":[{"name":"wp","href":"https:\/\/api.w.org\/{rel}","templated":true}]}}