{"id":106518,"date":"2010-09-27T15:15:19","date_gmt":"2010-09-27T13:15:19","guid":{"rendered":"http:\/\/www.ivg.it\/?p=106518"},"modified":"2010-09-27T15:18:01","modified_gmt":"2010-09-27T13:18:01","slug":"italia-e-marocco-lintegrazione-scolastica-nella-disabilita-convegno-a-savona","status":"publish","type":"post","link":"https:\/\/staging.ivg.it\/2010\/09\/italia-e-marocco-lintegrazione-scolastica-nella-disabilita-convegno-a-savona\/","title":{"rendered":"Italia e Marocco, l&#8217;integrazione scolastica nella disabilit\u00e0: convegno a Savona"},"content":{"rendered":"<p><strong>Savona.<\/strong> L\u2019integrazione scolastica dei bambini con disabilit\u00e0, limiti e opportunit\u00e0 della realt\u00e0 marocchina. Questo il tema al centro della conferenza organizzata dalla Regione Liguria in programma venerd\u00ec 1 ottobre, alle ore 15, presso la Sala Rossa del Comune di Savona.<\/p>\n<p>Saranno presenti l&#8217;assessore regionale alle politiche sociali Lorena Rambaudi, l&#8217;assessore comunale Isabella Sorgini, Davide Del Bono Responsabile Ufficio Coop. Internazionale Provincia Savona, Anna Maria Camposeragna Presidente Centro Savonese Volontariato.<\/p>\n<div>Il programma del convegno prevede la presentazione degli impegni di OVCI in Marocco, il progetto OVCI in Marocco (l&#8217;organismo \u00e8 stato chiamato per svolgere una consulenza all\u2019orfanotrofio \u201cLalla Meriem\u201d, per la sua esperienza nel campo della disabilt\u00e0 ed \u00e8 presente nella regione di Rabat &#8211; Sal\u00e9 &#8211; Zemmour &#8211; Zaer dal 2000), la famiglia del bambino con disabilit\u00e0 in Marocco e la presentazione del video &#8220;Yassir l\u2019ingegnere&#8221;. A seguire una tavola rotonda sull&#8217;integrazione scolastica che metter\u00e0 a confronto la realt\u00e0 italiana con quella marocchina.<\/div>\n","protected":false},"excerpt":{"rendered":"<p>Savona. L\u2019integrazione scolastica dei bambini con disabilit\u00e0, limiti e opportunit\u00e0 della realt\u00e0 marocchina. Questo il tema al centro della conferenza organizzata dalla Regione Liguria in programma venerd\u00ec 1 ottobre, alle ore 15, presso la Sala Rossa del Comune di Savona. Saranno presenti l&#8217;assessore regionale alle politiche sociali Lorena Rambaudi, l&#8217;assessore comunale Isabella Sorgini, Davide Del [&hellip;]<\/p>\n","protected":false},"author":5,"featured_media":0,"comment_status":"open","ping_status":"closed","sticky":false,"template":"","format":"standard","meta":{"footnotes":""},"categories":[],"tags":[11309,875,13258,2944],"class_list":["post-106518","post","type-post","status-publish","format-standard","hentry","tag-comune-di-savona","tag-disabilita","tag-isabella-sorgini","tag-lorena-rambaudi","post_cat_citta-andora","post_cat_citta-savona"],"amp_validity":null,"amp_enabled":true,"_links":{"self":[{"href":"https:\/\/staging.ivg.it\/ediapi\/wp\/v2\/posts\/106518","targetHints":{"allow":["GET"]}}],"collection":[{"href":"https:\/\/staging.ivg.it\/ediapi\/wp\/v2\/posts"}],"about":[{"href":"https:\/\/staging.ivg.it\/ediapi\/wp\/v2\/types\/post"}],"author":[{"embeddable":true,"href":"https:\/\/staging.ivg.it\/ediapi\/wp\/v2\/users\/5"}],"replies":[{"embeddable":true,"href":"https:\/\/staging.ivg.it\/ediapi\/wp\/v2\/comments?post=106518"}],"version-history":[{"count":0,"href":"https:\/\/staging.ivg.it\/ediapi\/wp\/v2\/posts\/106518\/revisions"}],"wp:attachment":[{"href":"https:\/\/staging.ivg.it\/ediapi\/wp\/v2\/media?parent=106518"}],"wp:term":[{"taxonomy":"category","embeddable":true,"href":"https:\/\/staging.ivg.it\/ediapi\/wp\/v2\/categories?post=106518"},{"taxonomy":"post_tag","embeddable":true,"href":"https:\/\/staging.ivg.it\/ediapi\/wp\/v2\/tags?post=106518"}],"curies":[{"name":"wp","href":"https:\/\/api.w.org\/{rel}","templated":true}]}}