{"id":106116,"date":"2010-09-24T19:19:47","date_gmt":"2010-09-24T17:19:47","guid":{"rendered":"http:\/\/www.ivg.it\/?p=106116"},"modified":"2010-09-25T12:14:16","modified_gmt":"2010-09-25T10:14:16","slug":"comunali-savona-parla-berruti-pronto-a-candidarmi-se-i-partiti-mi-vogliono","status":"publish","type":"post","link":"https:\/\/staging.ivg.it\/2010\/09\/comunali-savona-parla-berruti-pronto-a-candidarmi-se-i-partiti-mi-vogliono\/","title":{"rendered":"Comunali Savona, parla Berruti: \u201cPronto a candidarmi, se i partiti mi vogliono\u201d"},"content":{"rendered":"<p><strong>Savona.<\/strong> Rompe il silenzio dopo giorni di dibattito e prese di posizioni tanto all&#8217;interno del Pd quanto nel centro sinistra savonese. Il sindaco di Savona Federico Berruti si \u00e8 infatti detto pienamente disponibile per un secondo mandato da sindaco di Savona in vista delle comunali del 2011. Nessuna sirena romana, anche se certo l&#8217;ipotesi \u00e8 stata valutata nell&#8217;ambito dell&#8217;attuale quadro politico nazionale, ma la scelta personale di fatto non \u00e8 mai stata in discussione.<\/p>\n<p>&#8220;Io sono pronto se i partiti mi vogliono&#8230;&#8221; ha detto Federico Berruti. &#8220;Se da parte del sottoscritto ci deve essere un annuncio ufficiale questo avverr\u00e0 senza problemi. Ho dato la mia disponibilit\u00e0 per un secondo mandato, ho pensato tuttavia che prima fosse necessario un mandato pieno da parte delle forze che sostengono la coalizione&#8221;.<\/p>\n<p>&#8220;Credo che il centro sinistra a Savona si sia dimostrata una coalizione forte e compatta e lo ha dimostrato anche in Consiglio comunale, cos\u00ec come ho pensato alla ricandidatura come naturale prosecuzione, in caso di vittoria, dell&#8217;attivit\u00e0 amministrativa intrapresa in questi anni, nei quali si \u00e8 espresso un giudizio positivo&#8221;.<\/p>\n<p>Quanto alle primarie invocate da qualcuno: &#8220;Nel caso di una mia non disponibilit\u00e0 per la candidatura sarebbe stato giusto aprire una fase di discussione nel Pd e nel centro sinistra per definire un nuovo candidato, ma questo non credo avverr\u00e0&#8221;.<\/p>\n","protected":false},"excerpt":{"rendered":"<p>Savona. Rompe il silenzio dopo giorni di dibattito e prese di posizioni tanto all&#8217;interno del Pd quanto nel centro sinistra savonese. Il sindaco di Savona Federico Berruti si \u00e8 infatti detto pienamente disponibile per un secondo mandato da sindaco di Savona in vista delle comunali del 2011. Nessuna sirena romana, anche se certo l&#8217;ipotesi \u00e8 [&hellip;]<\/p>\n","protected":false},"author":4,"featured_media":0,"comment_status":"open","ping_status":"closed","sticky":false,"template":"","format":"standard","meta":{"footnotes":""},"categories":[31],"tags":[8783,1062,197,85850],"class_list":["post-106116","post","type-post","status-publish","format-standard","hentry","category-politica","tag-comunali","tag-federico-berruti","tag-pd","tag-savona","post_cat_citta-andora","post_cat_citta-savona"],"amp_validity":null,"amp_enabled":true,"_links":{"self":[{"href":"https:\/\/staging.ivg.it\/ediapi\/wp\/v2\/posts\/106116","targetHints":{"allow":["GET"]}}],"collection":[{"href":"https:\/\/staging.ivg.it\/ediapi\/wp\/v2\/posts"}],"about":[{"href":"https:\/\/staging.ivg.it\/ediapi\/wp\/v2\/types\/post"}],"author":[{"embeddable":true,"href":"https:\/\/staging.ivg.it\/ediapi\/wp\/v2\/users\/4"}],"replies":[{"embeddable":true,"href":"https:\/\/staging.ivg.it\/ediapi\/wp\/v2\/comments?post=106116"}],"version-history":[{"count":0,"href":"https:\/\/staging.ivg.it\/ediapi\/wp\/v2\/posts\/106116\/revisions"}],"wp:attachment":[{"href":"https:\/\/staging.ivg.it\/ediapi\/wp\/v2\/media?parent=106116"}],"wp:term":[{"taxonomy":"category","embeddable":true,"href":"https:\/\/staging.ivg.it\/ediapi\/wp\/v2\/categories?post=106116"},{"taxonomy":"post_tag","embeddable":true,"href":"https:\/\/staging.ivg.it\/ediapi\/wp\/v2\/tags?post=106116"}],"curies":[{"name":"wp","href":"https:\/\/api.w.org\/{rel}","templated":true}]}}