{"id":106095,"date":"2010-09-24T17:52:54","date_gmt":"2010-09-24T15:52:54","guid":{"rendered":"http:\/\/www.ivg.it\/?p=106095"},"modified":"2010-09-24T17:52:54","modified_gmt":"2010-09-24T15:52:54","slug":"regione-burlando-solidarieta-a-maroni-mauro-e-violante","status":"publish","type":"post","link":"https:\/\/staging.ivg.it\/2010\/09\/regione-burlando-solidarieta-a-maroni-mauro-e-violante\/","title":{"rendered":"Regione, Burlando: &#8220;Solidariet\u00e0 a Maroni, Mauro e Violante&#8221;"},"content":{"rendered":"<p><strong>Regione.\u201c<\/strong>Esprimo la mia sincera solidariet\u00e0, insieme con tutta la Giunta regionale, al Ministro degli Interni, Roberto Maroni e alla vicepresidente del Senato, Rosi Mauro per le intimidazioni che hanno ricevuto ieri e sono fraternamente vicino a Luciano Violante per le minacce che oggi gli sono state indirizzate, coinvolgendo anche sua moglie\u201d, dichiara il presidente della Regione Claudio Burlando.<\/p>\n<p>\u201cQuesti episodi sono il sintomo di un clima di irrazionalit\u00e0 che sembra voler tornare a affliggere questo paese. Non credo in nessun modo, per\u00f2, che oggi questo genere di intimidazioni possa avere la meglio su un dibattito tra le parti che, a maggior ragione, dovrebbe tornare al pi\u00f9 presto a essere il pi\u00f9 possibile corretto. Abbiamo la responsabilit\u00e0 di preservare il valore del confronto nelle nostre azioni di ogni giorno, anche e soprattutto nella discussione politica.\u201d<\/p>\n","protected":false},"excerpt":{"rendered":"<p>Regione.\u201cEsprimo la mia sincera solidariet\u00e0, insieme con tutta la Giunta regionale, al Ministro degli Interni, Roberto Maroni e alla vicepresidente del Senato, Rosi Mauro per le intimidazioni che hanno ricevuto ieri e sono fraternamente vicino a Luciano Violante per le minacce che oggi gli sono state indirizzate, coinvolgendo anche sua moglie\u201d, dichiara il presidente della [&hellip;]<\/p>\n","protected":false},"author":13744,"featured_media":0,"comment_status":"open","ping_status":"closed","sticky":false,"template":"","format":"standard","meta":{"footnotes":""},"categories":[31],"tags":[284,223,3027],"class_list":["post-106095","post","type-post","status-publish","format-standard","hentry","category-politica","tag-claudio-burlando","tag-regione-liguria","tag-roberto-maroni","post_cat_citta-andora"],"amp_validity":null,"amp_enabled":true,"_links":{"self":[{"href":"https:\/\/staging.ivg.it\/ediapi\/wp\/v2\/posts\/106095","targetHints":{"allow":["GET"]}}],"collection":[{"href":"https:\/\/staging.ivg.it\/ediapi\/wp\/v2\/posts"}],"about":[{"href":"https:\/\/staging.ivg.it\/ediapi\/wp\/v2\/types\/post"}],"author":[{"embeddable":true,"href":"https:\/\/staging.ivg.it\/ediapi\/wp\/v2\/users\/13744"}],"replies":[{"embeddable":true,"href":"https:\/\/staging.ivg.it\/ediapi\/wp\/v2\/comments?post=106095"}],"version-history":[{"count":0,"href":"https:\/\/staging.ivg.it\/ediapi\/wp\/v2\/posts\/106095\/revisions"}],"wp:attachment":[{"href":"https:\/\/staging.ivg.it\/ediapi\/wp\/v2\/media?parent=106095"}],"wp:term":[{"taxonomy":"category","embeddable":true,"href":"https:\/\/staging.ivg.it\/ediapi\/wp\/v2\/categories?post=106095"},{"taxonomy":"post_tag","embeddable":true,"href":"https:\/\/staging.ivg.it\/ediapi\/wp\/v2\/tags?post=106095"}],"curies":[{"name":"wp","href":"https:\/\/api.w.org\/{rel}","templated":true}]}}