{"id":105817,"date":"2010-09-23T16:13:27","date_gmt":"2010-09-23T14:13:27","guid":{"rendered":"http:\/\/www.ivg.it\/?p=105817"},"modified":"2010-09-23T16:13:27","modified_gmt":"2010-09-23T14:13:27","slug":"savona-lufficio-cooperazione-della-provincia-presenta-il-libro-un-prete-allinferno","status":"publish","type":"post","link":"https:\/\/staging.ivg.it\/2010\/09\/savona-lufficio-cooperazione-della-provincia-presenta-il-libro-un-prete-allinferno\/","title":{"rendered":"Savona, l&#8217;ufficio cooperazione della Provincia presenta il libro &#8220;Un prete all&#8217;inferno&#8221;"},"content":{"rendered":"<p><strong>Savona<\/strong>.Venerd\u00ec 24 settembre alle 10,40 presso l&#8217; Aula Magna del Liceo Artistico in Via Manzoni 2 a Savona in programma la presentazione del libro di Nandino Capovilla &#8220;Un prete all&#8217;inferno&#8221;. All&#8217;evento saranno presenti Don Nandino Capovilla Coordinatore nazionale Pax Christi Italia, Zahoor Ahmad Zargar Presidente della Comunit\u00e0 dei Musulmani della Liguria e Majed Abusalama Giornalista, traduttore, scrittore, fotografo, operatore umanitario di\u00a0 Gaza.<\/p>\n<p>Il libro narra gli eventi drammatici\u00a0 successi durante l\u2019oppressione israeliana sulla striscia di Gaza, considerata<br \/>\nun\u2019area a rischio terrorismo attraverso il cosiddetto \u201cembargo\u201d. Il 27 dicembre 2008, Israele dichiara \u201cguerra\u201d ai palestinesi, marchiando la striscia come \u201cenemy zone\u201d e portando a segno devastanti attacchi, anche con armi illegali (le pi\u00f9 clamorose, le bombe al fosforo bianco).\u00a0Il \u00a0libro \u00e8 un drammatico racconto di quei giorni di \u201cembargo\u201d e di assedio, che trasformarono la striscia di Gaza in un\u2019enorme prigione a cielo aperto, dentro alla quale lo stato Israeliano, aveva creato un vero e proprio inferno in terra. Il Parroco arabo, Abuna Manuel, scelse di rimanere a Gaza, non solo per stare vicino ai cristiani della sua chiesa ma a tutti coloro che ne avessero bisogno.<\/p>\n<p>L&#8217;evento fa parte delle attivit\u00e0 organizzate dall&#8217;ufficio cooperazione della Provincia di Savona in collaborazione con la biblioteca di LibroMondo (centro di documentazione su Pace, Ambiente, Intercultura e Cooperazione Internazionale) e la SPES S.c.p.A. (Societ\u00e0 di Promozione degli Enti Savonesi per l&#8217;Universit\u00e0) e si colloca in continuit\u00e0 con il lavoro di volontariato svolto dagli alunni del Liceo Artistico A. Martini di Savona di lettura e recensione di testi nuovi della Biblioteca di LibroMondo con lo scopo di informarne la cittadinanza, invitandola alla lettura.<\/p>\n","protected":false},"excerpt":{"rendered":"<p>Savona.Venerd\u00ec 24 settembre alle 10,40 presso l&#8217; Aula Magna del Liceo Artistico in Via Manzoni 2 a Savona in programma la presentazione del libro di Nandino Capovilla &#8220;Un prete all&#8217;inferno&#8221;. All&#8217;evento saranno presenti Don Nandino Capovilla Coordinatore nazionale Pax Christi Italia, Zahoor Ahmad Zargar Presidente della Comunit\u00e0 dei Musulmani della Liguria e Majed Abusalama Giornalista, [&hellip;]<\/p>\n","protected":false},"author":13744,"featured_media":0,"comment_status":"open","ping_status":"closed","sticky":false,"template":"","format":"standard","meta":{"footnotes":""},"categories":[],"tags":[7121,14747,19030,9994,85850],"class_list":["post-105817","post","type-post","status-publish","format-standard","hentry","tag-cooperazione-internazionale","tag-libromondo","tag-liceo-artistico","tag-provincia-di-savona","tag-savona","post_cat_citta-savona"],"amp_validity":null,"amp_enabled":true,"_links":{"self":[{"href":"https:\/\/staging.ivg.it\/ediapi\/wp\/v2\/posts\/105817","targetHints":{"allow":["GET"]}}],"collection":[{"href":"https:\/\/staging.ivg.it\/ediapi\/wp\/v2\/posts"}],"about":[{"href":"https:\/\/staging.ivg.it\/ediapi\/wp\/v2\/types\/post"}],"author":[{"embeddable":true,"href":"https:\/\/staging.ivg.it\/ediapi\/wp\/v2\/users\/13744"}],"replies":[{"embeddable":true,"href":"https:\/\/staging.ivg.it\/ediapi\/wp\/v2\/comments?post=105817"}],"version-history":[{"count":0,"href":"https:\/\/staging.ivg.it\/ediapi\/wp\/v2\/posts\/105817\/revisions"}],"wp:attachment":[{"href":"https:\/\/staging.ivg.it\/ediapi\/wp\/v2\/media?parent=105817"}],"wp:term":[{"taxonomy":"category","embeddable":true,"href":"https:\/\/staging.ivg.it\/ediapi\/wp\/v2\/categories?post=105817"},{"taxonomy":"post_tag","embeddable":true,"href":"https:\/\/staging.ivg.it\/ediapi\/wp\/v2\/tags?post=105817"}],"curies":[{"name":"wp","href":"https:\/\/api.w.org\/{rel}","templated":true}]}}