{"id":105779,"date":"2010-09-23T15:23:29","date_gmt":"2010-09-23T13:23:29","guid":{"rendered":"http:\/\/www.ivg.it\/?p=105779"},"modified":"2010-09-23T15:23:29","modified_gmt":"2010-09-23T13:23:29","slug":"visita-guidata-al-parco-archeologico-di-san-calogero-di-albenga","status":"publish","type":"post","link":"https:\/\/staging.ivg.it\/2010\/09\/visita-guidata-al-parco-archeologico-di-san-calogero-di-albenga\/","title":{"rendered":"Visita guidata al parco archeologico di San Calogero di Albenga"},"content":{"rendered":"<p><strong>Albenga<\/strong>. Domenica 26 settembre alle ore 10.30, nell\u2019ambito delle Giornate Europee del Patrimonio (istituite dal Ministero per i Beni e le Attivit\u00e0 Culturali), \u00e8 prevista una visita guidata al parco archeologico di San Calocero. La visita sar\u00e0 condotta da Giuseppina Spada della Soprintendenza per i Beni Archeologici della Liguria, con l\u2019ausilio del collaboratore Stefano Roascio.<\/p>\n<p>Il versante orientale del Monte di San Martino conserva antiche testimonianze di vita comprese tra prima et\u00e0 imperiale romana e tardo Medioevo, che trovano un punto di riferimento nell&#8217;asse stradale della via Iulia Augusta. Il parco archeologico di San Calocero comprende i resti della pi\u00f9 antica chiesa dedicata al martire, sorta nel VI secolo presso l&#8217;antica via, in area extraurbana rispetto ad Albingaunum e del monastero medievale.<\/p>\n<p>La visita guidata rappresenta l\u2019unico appuntamento per le Giornate Europee del Patrimonio sul territorio ingauno, un\u2019occasione imperdibile per visitare la Chiesa e il Monastero di San Calocero al Monte, un complesso archeologico tra il I d.c. e il XVI secolo.<\/p>\n","protected":false},"excerpt":{"rendered":"<p>Albenga. Domenica 26 settembre alle ore 10.30, nell\u2019ambito delle Giornate Europee del Patrimonio (istituite dal Ministero per i Beni e le Attivit\u00e0 Culturali), \u00e8 prevista una visita guidata al parco archeologico di San Calocero. La visita sar\u00e0 condotta da Giuseppina Spada della Soprintendenza per i Beni Archeologici della Liguria, con l\u2019ausilio del collaboratore Stefano Roascio. [&hellip;]<\/p>\n","protected":false},"author":13744,"featured_media":0,"comment_status":"open","ping_status":"closed","sticky":false,"template":"","format":"standard","meta":{"footnotes":""},"categories":[],"tags":[85841,27268,395],"class_list":["post-105779","post","type-post","status-publish","format-standard","hentry","tag-albenga","tag-beni-archeologici","tag-europa","post_cat_citta-albenga"],"amp_validity":null,"amp_enabled":true,"_links":{"self":[{"href":"https:\/\/staging.ivg.it\/ediapi\/wp\/v2\/posts\/105779","targetHints":{"allow":["GET"]}}],"collection":[{"href":"https:\/\/staging.ivg.it\/ediapi\/wp\/v2\/posts"}],"about":[{"href":"https:\/\/staging.ivg.it\/ediapi\/wp\/v2\/types\/post"}],"author":[{"embeddable":true,"href":"https:\/\/staging.ivg.it\/ediapi\/wp\/v2\/users\/13744"}],"replies":[{"embeddable":true,"href":"https:\/\/staging.ivg.it\/ediapi\/wp\/v2\/comments?post=105779"}],"version-history":[{"count":0,"href":"https:\/\/staging.ivg.it\/ediapi\/wp\/v2\/posts\/105779\/revisions"}],"wp:attachment":[{"href":"https:\/\/staging.ivg.it\/ediapi\/wp\/v2\/media?parent=105779"}],"wp:term":[{"taxonomy":"category","embeddable":true,"href":"https:\/\/staging.ivg.it\/ediapi\/wp\/v2\/categories?post=105779"},{"taxonomy":"post_tag","embeddable":true,"href":"https:\/\/staging.ivg.it\/ediapi\/wp\/v2\/tags?post=105779"}],"curies":[{"name":"wp","href":"https:\/\/api.w.org\/{rel}","templated":true}]}}