{"id":105402,"date":"2010-09-22T09:46:02","date_gmt":"2010-09-22T07:46:02","guid":{"rendered":"http:\/\/www.ivg.it\/?p=105402"},"modified":"2010-09-22T09:49:19","modified_gmt":"2010-09-22T07:49:19","slug":"serata-con-proiezioni-di-immagini-delluniverso-a-cura-del-gruppo-astrofili-savonesi","status":"publish","type":"post","link":"https:\/\/staging.ivg.it\/2010\/09\/serata-con-proiezioni-di-immagini-delluniverso-a-cura-del-gruppo-astrofili-savonesi\/","title":{"rendered":"Serata per &#8220;viaggiare&#8221; nell&#8217;universo a cura del Gruppo Astrofili Savonesi"},"content":{"rendered":"<p><strong>Savona<\/strong>. Il Gruppo Astrofili Savonesi, nell\u2019ambito della sua tradizionale attivit\u00e0, organizza per questa sera il secondo incontro sul tema &#8220;Dalla Terra ai quasar&#8221;, che si terr\u00e0 alle ore 21,15 presso il circolo parrocchiale di Lavagnola, via S. Dalmazio, Savona. Obiettivo della serata \u00e8 quello di presentare, avvalendosi di una ricca carrellata di immagini riprese dai maggiori telescopi, un ipotetico viaggio dalla Terra ai confini pi\u00f9 estremi dell\u2019Universo.<\/p>\n<p>L\u2019incontro \u00e8 particolarmente rivolto a tutti coloro che vogliono avvicinarsi all\u2019appassionante mondo dell\u2019astronomia. Relatori della serata saranno Roberto Bracco e Sandro Zappatore. Maggiori informazioni sono disponibili sul sito del Gruppo: www.astrofilisavonesi.it<\/p>\n","protected":false},"excerpt":{"rendered":"<p>Savona. Il Gruppo Astrofili Savonesi, nell\u2019ambito della sua tradizionale attivit\u00e0, organizza per questa sera il secondo incontro sul tema &#8220;Dalla Terra ai quasar&#8221;, che si terr\u00e0 alle ore 21,15 presso il circolo parrocchiale di Lavagnola, via S. Dalmazio, Savona. Obiettivo della serata \u00e8 quello di presentare, avvalendosi di una ricca carrellata di immagini riprese dai [&hellip;]<\/p>\n","protected":false},"author":5,"featured_media":0,"comment_status":"open","ping_status":"closed","sticky":false,"template":"","format":"standard","meta":{"footnotes":""},"categories":[56],"tags":[18493,18716,85850,5932,17593],"class_list":["post-105402","post","type-post","status-publish","format-standard","hentry","category-altre","tag-gruppo-astrofili-savonesi","tag-proiezioni","tag-savona","tag-serata","tag-universo","post_cat_citta-savona"],"amp_validity":null,"amp_enabled":true,"_links":{"self":[{"href":"https:\/\/staging.ivg.it\/ediapi\/wp\/v2\/posts\/105402","targetHints":{"allow":["GET"]}}],"collection":[{"href":"https:\/\/staging.ivg.it\/ediapi\/wp\/v2\/posts"}],"about":[{"href":"https:\/\/staging.ivg.it\/ediapi\/wp\/v2\/types\/post"}],"author":[{"embeddable":true,"href":"https:\/\/staging.ivg.it\/ediapi\/wp\/v2\/users\/5"}],"replies":[{"embeddable":true,"href":"https:\/\/staging.ivg.it\/ediapi\/wp\/v2\/comments?post=105402"}],"version-history":[{"count":0,"href":"https:\/\/staging.ivg.it\/ediapi\/wp\/v2\/posts\/105402\/revisions"}],"wp:attachment":[{"href":"https:\/\/staging.ivg.it\/ediapi\/wp\/v2\/media?parent=105402"}],"wp:term":[{"taxonomy":"category","embeddable":true,"href":"https:\/\/staging.ivg.it\/ediapi\/wp\/v2\/categories?post=105402"},{"taxonomy":"post_tag","embeddable":true,"href":"https:\/\/staging.ivg.it\/ediapi\/wp\/v2\/tags?post=105402"}],"curies":[{"name":"wp","href":"https:\/\/api.w.org\/{rel}","templated":true}]}}