{"id":105297,"date":"2010-09-21T16:51:28","date_gmt":"2010-09-21T14:51:28","guid":{"rendered":"http:\/\/www.ivg.it\/?p=105297"},"modified":"2010-09-22T08:50:38","modified_gmt":"2010-09-22T06:50:38","slug":"calcio-cori-contro-il-ministro-maroni-5000-euro-di-ammenda-al-savona","status":"publish","type":"post","link":"https:\/\/staging.ivg.it\/2010\/09\/calcio-cori-contro-il-ministro-maroni-5000-euro-di-ammenda-al-savona\/","title":{"rendered":"Calcio, cori contro il Ministro Maroni: 5000 euro di ammenda al Savona"},"content":{"rendered":"<p><strong>Savona<\/strong>. Le giornate di campionato scorrono via veloci, la Prima Divisione \u00e8 gi\u00e0 giunta al quinto turno, la Seconda Divisione al quarto. Le polemiche contro la Tessera del Tifoso, per\u00f2, non si placano.<\/p>\n<p>A tal fine la Lega Pro ha deciso di usare la mano pesante contro le squadre i cui sostenitori esternano la loro insofferenza verso questo strumento. Cos\u00ec, nell&#8217;odierno comunicato, il giudice sportivo ha punito ben cinque societ\u00e0, infliggendo un&#8217;ammenda di 5000 euro ciascuna. Si tratta di Como, Foligno, Salernitana in Prima Divisione, Giulianova e Savona in Seconda.<\/p>\n<p>La societ\u00e0 del presidente Andrea Pesce dovr\u00e0 sborsare questa cifra perch\u00e9 durante la partita con la Pro Patria &#8220;propri sostenitori intonavano un coro offensivo nei confronti del Ministro degli Interni&#8221;.<\/p>\n<p>La motivazione delle ammende \u00e8 identica anche per le altre societ\u00e0. Insomma, il Ministro degli Interni, Roberto Maroni, onorevole della Lega Nord, &#8220;responsabile&#8221; della Direttiva relativa alla Tessera, \u00e8 oggetto della rabbia degli ultras e la Lega Pro non ha intenzione di soprassedere ad ogni tipo di contestazione.<\/p>\n<p>Sempre nel girone A, multe anche a Sanremese e Lecco, ma per altri motivi. I matuziani dovranno pagare 3500 euro &#8220;perch\u00e9 propri sostenitori, pi\u00f9 volte durante la gara, rivolgevano ad entrambi gli assistenti arbitrali reiterate frasi offensive; gli stessi, al termine della gara, attendevano l&#8217;uscita dell&#8217;auto con a bordo la terna arbitrale, reiterando frasi offensive e minacciose&#8221;. Per i lombardi 2000 euro di multa &#8220;perch\u00e9 propri sostenitori, pi\u00f9 volte durante la gara, intonavano cori offensivi verso l&#8217;arbitro&#8221;.<\/p>\n<p>Per quanto riguarda le squalifiche, Amos Agnesina del Casale \u00e8 stato fermato per due giornate, in quanto espulso &#8220;per atto di violenza verso un avversario mentre il gioco si svolgeva in altra parte del campo&#8221;. Stessa sanzione per Francesco Marianeschi (Virtus Entella), &#8220;per atto di violenza verso un avversario con il pallone non a distanza di gioco&#8221;.<\/p>\n<p>Una giornata di squalifica a Domenico Marchetto (Pro Patria), espulso contro il Savona &#8220;per aver commesso fallo su un avversario impedendogli una chiara occasione di rete&#8221;.<\/p>\n<p>Squalificato per un turno anche Giuseppe Ciclista, massaggiatore del Casale, allontanato &#8220;per atteggiamento irriguardoso verso l&#8217;arbitro durante la gara&#8221;.<\/p>\n","protected":false},"excerpt":{"rendered":"<p>Savona. Le giornate di campionato scorrono via veloci, la Prima Divisione \u00e8 gi\u00e0 giunta al quinto turno, la Seconda Divisione al quarto. Le polemiche contro la Tessera del Tifoso, per\u00f2, non si placano. A tal fine la Lega Pro ha deciso di usare la mano pesante contro le squadre i cui sostenitori esternano la loro [&hellip;]<\/p>\n","protected":false},"author":18,"featured_media":0,"comment_status":"open","ping_status":"closed","sticky":false,"template":"","format":"standard","meta":{"footnotes":""},"categories":[32],"tags":[12466,10241,85989,3027,85850,12265],"class_list":["post-105297","post","type-post","status-publish","format-standard","hentry","category-sport","tag-ammenda","tag-andrea-pesce","tag-calcio","tag-roberto-maroni","tag-savona","tag-squalifiche","post_cat_citta-savona"],"amp_validity":null,"amp_enabled":true,"_links":{"self":[{"href":"https:\/\/staging.ivg.it\/ediapi\/wp\/v2\/posts\/105297","targetHints":{"allow":["GET"]}}],"collection":[{"href":"https:\/\/staging.ivg.it\/ediapi\/wp\/v2\/posts"}],"about":[{"href":"https:\/\/staging.ivg.it\/ediapi\/wp\/v2\/types\/post"}],"author":[{"embeddable":true,"href":"https:\/\/staging.ivg.it\/ediapi\/wp\/v2\/users\/18"}],"replies":[{"embeddable":true,"href":"https:\/\/staging.ivg.it\/ediapi\/wp\/v2\/comments?post=105297"}],"version-history":[{"count":0,"href":"https:\/\/staging.ivg.it\/ediapi\/wp\/v2\/posts\/105297\/revisions"}],"wp:attachment":[{"href":"https:\/\/staging.ivg.it\/ediapi\/wp\/v2\/media?parent=105297"}],"wp:term":[{"taxonomy":"category","embeddable":true,"href":"https:\/\/staging.ivg.it\/ediapi\/wp\/v2\/categories?post=105297"},{"taxonomy":"post_tag","embeddable":true,"href":"https:\/\/staging.ivg.it\/ediapi\/wp\/v2\/tags?post=105297"}],"curies":[{"name":"wp","href":"https:\/\/api.w.org\/{rel}","templated":true}]}}