{"id":104717,"date":"2010-09-18T16:21:37","date_gmt":"2010-09-18T14:21:37","guid":{"rendered":"http:\/\/www.ivg.it\/?p=104717"},"modified":"2010-09-18T16:22:28","modified_gmt":"2010-09-18T14:22:28","slug":"tirreno-power-l%e2%80%99ufficio-diocesano-psl-%e2%80%9cserve-una-terza-via-che-punti-sulle-fonti-alternative%e2%80%9d","status":"publish","type":"post","link":"https:\/\/staging.ivg.it\/2010\/09\/tirreno-power-l%e2%80%99ufficio-diocesano-psl-%e2%80%9cserve-una-terza-via-che-punti-sulle-fonti-alternative%e2%80%9d\/","title":{"rendered":"Tirreno Power, l\u2019ufficio diocesano PSL: \u201cPuntare sulle fonti alternative\u201d"},"content":{"rendered":"<p><strong>Savona<\/strong>. \u201cL&#8217;Ufficio diocesano per i Problemi Sociali ed i Lavoro (PSL) \u2013 Salvaguardia del Creato \u2013 Giustizia e Pace esprime condivisione piena alle valutazione ed ai giudizi espressi in merito al previsto e temuto ampliamento della centrale di Vado Ligure: perplessit\u00e0 fortemente espresse per altro anche in altre autorevoli sedi (Regioni e Comuni del Comprensorio, Ordine provinciale dei Medici, Istituto Tumori di Genova)\u201d.<\/p>\n<p>\u201cAccanto a tali pareri, accettati nella forma e nella sostanza, si ritiene utile suggerire qualche altro criterio interpretativo, al fine di uscire dalla situazione di stallo, attualmente venutasi a creare.<br \/>\nLa necessit\u00e0 ad esempio, di cercare una &#8220;terza via&#8221; tra l&#8217; immobilismo (che porterebbe ad aggravare ulteriormente la situazione di un impianto sempre pi\u00f9 obsoleto) ed il rischioso ampliamento, con i rischi ad esso connessi, nonostante le reiterate rassicurazioni formulate da parte dell&#8217; Azienda\u201d<\/p>\n<p>\u201cUna &#8220;Terza via&#8221; che potrebbe anche essere costituita da un ampliamento (soluzione comunque da non considerarsi prioritaria), ma alla cui base dovrebbero essere individuate nuove forme energetiche alternative all&#8217;ormai superato ed inquinante carbone; carbone, oltretutto, non pi\u00f9 di qualit\u00e0, come nel passato\u201d<\/p>\n<p>\u201cAccanto a ci\u00f2, sarebbe opportuno &#8220;lavorare&#8221; sempre di pi\u00f9 per creare una nuova mentalit\u00e0 ed un nuovo stile di vita, improntati alla prudenza (di cui ha parlato ampiamente don Magnano nel suo articolo) ed alla sobriet\u00e0: la traduzione concreta di ci\u00f2, dovrebbe essere rappresentata dalla sensibilizzazione che l&#8217; Azienda stessa ed altre forze sociali, dovrebbero svolgere per portare i singoli cittadini ad un sempre pi\u00f9 oculato utilizzo energetico, con conseguente risparmio dello stesso\u201d.<\/p>\n<p>\u201cPreoccupa, infine, il &#8220;ricatto occupazionale&#8221;, per il quale formuliamo un severo giudizio, cui sembrano costretti purtroppo a soggiacere i Sindacati: nuove assunzioni con il previsto ampliamento, probabili licenziamenti in caso contrario; questa logica, sembrerebbe dimostrare un atteggiamento padronale unidirezionale, sganciato da confronti e trattative improntate a reciproco ascolto e confronto e soprattutto lontana dal valore del bene comune\u201d conclude l\u2019ufficio Pastorale per i problemi sociali e il lavoro.<\/p>\n","protected":false},"excerpt":{"rendered":"<p>Savona. \u201cL&#8217;Ufficio diocesano per i Problemi Sociali ed i Lavoro (PSL) \u2013 Salvaguardia del Creato \u2013 Giustizia e Pace esprime condivisione piena alle valutazione ed ai giudizi espressi in merito al previsto e temuto ampliamento della centrale di Vado Ligure: perplessit\u00e0 fortemente espresse per altro anche in altre autorevoli sedi (Regioni e Comuni del Comprensorio, [&hellip;]<\/p>\n","protected":false},"author":13744,"featured_media":0,"comment_status":"open","ping_status":"closed","sticky":false,"template":"","format":"standard","meta":{"footnotes":""},"categories":[],"tags":[4344,509,1013,85850,3931,85979],"class_list":["post-104717","post","type-post","status-publish","format-standard","hentry","tag-carbone","tag-lavoro","tag-occupazione","tag-savona","tag-tirreno-power","tag-vado-ligure","post_cat_citta-savona","post_cat_citta-vado-ligure"],"amp_validity":null,"amp_enabled":true,"_links":{"self":[{"href":"https:\/\/staging.ivg.it\/ediapi\/wp\/v2\/posts\/104717","targetHints":{"allow":["GET"]}}],"collection":[{"href":"https:\/\/staging.ivg.it\/ediapi\/wp\/v2\/posts"}],"about":[{"href":"https:\/\/staging.ivg.it\/ediapi\/wp\/v2\/types\/post"}],"author":[{"embeddable":true,"href":"https:\/\/staging.ivg.it\/ediapi\/wp\/v2\/users\/13744"}],"replies":[{"embeddable":true,"href":"https:\/\/staging.ivg.it\/ediapi\/wp\/v2\/comments?post=104717"}],"version-history":[{"count":0,"href":"https:\/\/staging.ivg.it\/ediapi\/wp\/v2\/posts\/104717\/revisions"}],"wp:attachment":[{"href":"https:\/\/staging.ivg.it\/ediapi\/wp\/v2\/media?parent=104717"}],"wp:term":[{"taxonomy":"category","embeddable":true,"href":"https:\/\/staging.ivg.it\/ediapi\/wp\/v2\/categories?post=104717"},{"taxonomy":"post_tag","embeddable":true,"href":"https:\/\/staging.ivg.it\/ediapi\/wp\/v2\/tags?post=104717"}],"curies":[{"name":"wp","href":"https:\/\/api.w.org\/{rel}","templated":true}]}}