{"id":103959,"date":"2010-09-15T12:51:06","date_gmt":"2010-09-15T10:51:06","guid":{"rendered":"http:\/\/www.ivg.it\/?p=103959"},"modified":"2010-09-15T12:51:06","modified_gmt":"2010-09-15T10:51:06","slug":"nuovo-indirizzo-web-per-la-camera-di-commercio-di-savona","status":"publish","type":"post","link":"https:\/\/staging.ivg.it\/2010\/09\/nuovo-indirizzo-web-per-la-camera-di-commercio-di-savona\/","title":{"rendered":"Nuovo indirizzo web per la Camera di Commercio di Savona"},"content":{"rendered":"<p><strong>Savona.<\/strong> La Camera di Commercio di Savona ha un nuovo indirizzo web. E&#8217; ora attivo: www.sv.camcom.gov.it L\u2019Ente camerale ha infatti registrato il proprio sito web a \u201c.gov.it\u201d, il dominio individuato dal Ministro per la Pubblica Amministrazione e l&#8217;innovazione per i siti e i portali delle pubbliche amministrazioni, fissandone criteri di riconoscibilit\u00e0, di aggiornamento, di usabilit\u00e0 e accessibilit\u00e0.<\/p>\n<p>L\u2019obiettivo \u00e8 di \u201ccertificare\u201d la presenza sul web delle Camere di commercio e di Unioncamere. A lavoro terminato, i siti web delle Camere di commercio e di  Unioncamere avranno l&#8217;estensione camcom.gov.it e  il Sistema camerale sar\u00e0 tra i primi ad offrire ai cittadini una rappresentazione ordinata ed efficace della propria presenza sulla rete.<\/p>\n","protected":false},"excerpt":{"rendered":"<p>Savona. La Camera di Commercio di Savona ha un nuovo indirizzo web. E&#8217; ora attivo: www.sv.camcom.gov.it L\u2019Ente camerale ha infatti registrato il proprio sito web a \u201c.gov.it\u201d, il dominio individuato dal Ministro per la Pubblica Amministrazione e l&#8217;innovazione per i siti e i portali delle pubbliche amministrazioni, fissandone criteri di riconoscibilit\u00e0, di aggiornamento, di usabilit\u00e0 [&hellip;]<\/p>\n","protected":false},"author":13744,"featured_media":0,"comment_status":"open","ping_status":"closed","sticky":false,"template":"","format":"standard","meta":{"footnotes":""},"categories":[],"tags":[1363,2507],"class_list":["post-103959","post","type-post","status-publish","format-standard","hentry","tag-internet","tag-sito","post_cat_citta-savona"],"amp_validity":null,"amp_enabled":true,"_links":{"self":[{"href":"https:\/\/staging.ivg.it\/ediapi\/wp\/v2\/posts\/103959","targetHints":{"allow":["GET"]}}],"collection":[{"href":"https:\/\/staging.ivg.it\/ediapi\/wp\/v2\/posts"}],"about":[{"href":"https:\/\/staging.ivg.it\/ediapi\/wp\/v2\/types\/post"}],"author":[{"embeddable":true,"href":"https:\/\/staging.ivg.it\/ediapi\/wp\/v2\/users\/13744"}],"replies":[{"embeddable":true,"href":"https:\/\/staging.ivg.it\/ediapi\/wp\/v2\/comments?post=103959"}],"version-history":[{"count":0,"href":"https:\/\/staging.ivg.it\/ediapi\/wp\/v2\/posts\/103959\/revisions"}],"wp:attachment":[{"href":"https:\/\/staging.ivg.it\/ediapi\/wp\/v2\/media?parent=103959"}],"wp:term":[{"taxonomy":"category","embeddable":true,"href":"https:\/\/staging.ivg.it\/ediapi\/wp\/v2\/categories?post=103959"},{"taxonomy":"post_tag","embeddable":true,"href":"https:\/\/staging.ivg.it\/ediapi\/wp\/v2\/tags?post=103959"}],"curies":[{"name":"wp","href":"https:\/\/api.w.org\/{rel}","templated":true}]}}