{"id":103876,"date":"2010-09-15T09:05:38","date_gmt":"2010-09-15T07:05:38","guid":{"rendered":"http:\/\/www.ivg.it\/?p=103876"},"modified":"2010-09-15T12:11:56","modified_gmt":"2010-09-15T10:11:56","slug":"savona-pro-patria-ruotolo-domenica-voglio-uno-stadio-bollente","status":"publish","type":"post","link":"https:\/\/staging.ivg.it\/2010\/09\/savona-pro-patria-ruotolo-domenica-voglio-uno-stadio-bollente\/","title":{"rendered":"Savona-Pro Patria, Ruotolo: \u201cDomenica voglio uno stadio bollente\u201d"},"content":{"rendered":"<p><strong>Savona<\/strong>. Ripresi gli allenamenti ieri pomeriggio al Ruffinengo di Legino per il team di Ruotolo. Stop di un paio di giorni per Cannarsa, in osservazione per una leggera distorsione alla caviglia, ma dovrebbe essere recuperabile per domenica.<\/p>\n<p>Il programma della settimana prevede oggi doppia seduta con palestra al mattino, gioved\u00ec e venerd\u00ec sedute pomeridiane e rifinitura sabato mattina. Dopo l&#8217;allenamento c&#8217;\u00e8 stata la consueta conferenza stampa del marted\u00ec di mister Ruotolo che ha risposto alle domande dei giornalisti, ribadendo che la squadra gli \u00e8 piaciuta e non poco, dal punto di vista del carattere e della grinta, ma che si sta ora lavorando per superare ed evitare di commettere ancora ingenuit\u00e0 come quelle delle prime due mezz&#8217;ore delle ultime partite. In vista di domenica, quando il Savona sfider\u00e0 al Bacigalupo la Pro Patria il mister si aspetta &#8220;uno stadio bollente: sar\u00e0 fondamentale per noi avere il pubblico che ci dimostri il suo calore&#8221;.<\/p>\n<p>Michele Tarallo, che guida la neonata classifica cannonietri con 3 reti, \u00e8 contento dal punto di vista personale soprattutto per il recupero fisico. Sulla Pro Patria, squadra che l&#8217;attaccante conosce per averla sfidata gi\u00e0 alcune volte &#8220;so che \u00e8 una squadra forte e ben attrezzata, soprattutto davanti&#8221;. Tarallo infine si unisce all&#8217;appello del mister &#8220;abbiamo bisogno di tutto il pubblico savonese, domenica potrebbe essere la giornata della svolta&#8221;.<\/p>\n","protected":false},"excerpt":{"rendered":"<p>Savona. Ripresi gli allenamenti ieri pomeriggio al Ruffinengo di Legino per il team di Ruotolo. Stop di un paio di giorni per Cannarsa, in osservazione per una leggera distorsione alla caviglia, ma dovrebbe essere recuperabile per domenica. Il programma della settimana prevede oggi doppia seduta con palestra al mattino, gioved\u00ec e venerd\u00ec sedute pomeridiane e [&hellip;]<\/p>\n","protected":false},"author":13744,"featured_media":0,"comment_status":"open","ping_status":"closed","sticky":false,"template":"","format":"standard","meta":{"footnotes":""},"categories":[32],"tags":[7219,23327,279,25604,86042],"class_list":["post-103876","post","type-post","status-publish","format-standard","hentry","category-sport","tag-allenamento","tag-gennaro-ruotolo","tag-partita","tag-pro-patria","tag-savona-calcio","post_cat_citta-savona"],"amp_validity":null,"amp_enabled":true,"_links":{"self":[{"href":"https:\/\/staging.ivg.it\/ediapi\/wp\/v2\/posts\/103876","targetHints":{"allow":["GET"]}}],"collection":[{"href":"https:\/\/staging.ivg.it\/ediapi\/wp\/v2\/posts"}],"about":[{"href":"https:\/\/staging.ivg.it\/ediapi\/wp\/v2\/types\/post"}],"author":[{"embeddable":true,"href":"https:\/\/staging.ivg.it\/ediapi\/wp\/v2\/users\/13744"}],"replies":[{"embeddable":true,"href":"https:\/\/staging.ivg.it\/ediapi\/wp\/v2\/comments?post=103876"}],"version-history":[{"count":0,"href":"https:\/\/staging.ivg.it\/ediapi\/wp\/v2\/posts\/103876\/revisions"}],"wp:attachment":[{"href":"https:\/\/staging.ivg.it\/ediapi\/wp\/v2\/media?parent=103876"}],"wp:term":[{"taxonomy":"category","embeddable":true,"href":"https:\/\/staging.ivg.it\/ediapi\/wp\/v2\/categories?post=103876"},{"taxonomy":"post_tag","embeddable":true,"href":"https:\/\/staging.ivg.it\/ediapi\/wp\/v2\/tags?post=103876"}],"curies":[{"name":"wp","href":"https:\/\/api.w.org\/{rel}","templated":true}]}}