{"id":103776,"date":"2010-09-14T15:31:32","date_gmt":"2010-09-14T13:31:32","guid":{"rendered":"http:\/\/www.ivg.it\/?p=103776"},"modified":"2010-09-14T15:31:32","modified_gmt":"2010-09-14T13:31:32","slug":"sessanta-albenganesi-alla-trasmissione-%e2%80%9cchi-vuol-essere-milionario%e2%80%9d","status":"publish","type":"post","link":"https:\/\/staging.ivg.it\/2010\/09\/sessanta-albenganesi-alla-trasmissione-%e2%80%9cchi-vuol-essere-milionario%e2%80%9d\/","title":{"rendered":"Sessanta albenganesi alla trasmissione \u201cChi vuol essere milionario\u201d"},"content":{"rendered":"<p><strong>Albenga.<\/strong> Gioved\u00ec 16 settembre, una delegazione di cittadini albenganesi sar\u00e0 ospite d&#8217;eccezione della seguitissima trasmissione televisiva \u201cChi Vuol Essere Milionario?\u201d, condotta da Gerry Scotti e in onda tutti i pomeriggi su Canale 5.<\/p>\n<p>La visita agli studi televisivi di Mediaset, organizzata dall&#8217;agenzia di viaggi \u201cBaia del Sole\u201d di Piazza Matteotti ad Albenga, porter\u00e0 ben cinquantasette ingauni alla corte del noto presentatore. La partenza da Albenga \u00e8 prevista alle 8 di gioved\u00ec mattina: una volta negli studi, la delegazione ingauna sieder\u00e0 tra il pubblico per la registrazione di tre diverse puntate della trasmissione.<\/p>\n<p>Tra i 57 albenganesi, presenti anche tre personalit\u00e0 illustri. A rappresentare l&#8217;Amministrazione Comunale, saranno il Vice Sindaco di Albenga, Roberto Schneck, e il Consigliere Comunale, Aldo Marino. Sar\u00e0 inoltre presente anche il Vice Presidente della EcoAlbenga Spa, Guido Lugani, tra gli organizzatori dell&#8217;iniziativa.<\/p>\n<p>L&#8217;occasione servir\u00e0 anche a promuovere Albenga e i propri prodotti a livello nazionale. \u201cAnche questo \u00e8 un modo per portare nella maniera giusta il nome di Albenga, e le sue bellezze, all&#8217;attenzione di un ampio pubblico\u201d, dichiara il Vice Sindaco di Albenga, Roberto Schneck.<\/p>\n<p>\u201cNon potendo portare con noi, a causa della stagione, le eccellenze gastronomiche nostrane, quali l&#8217;asparago violetto, i carciofi, le zucchine trombetta o il pomodoro cuore di bue, porteremo in dono allo storico conduttore altri prodotti tipici ingauni, quali i Baxin d&#8217;Albenga e dell&#8217;olio, unitamente a un libro dedicato al \u201cPiatto Blu\u201d, pezzo storico-artistico unico al mondo, cos\u00ec che l&#8217;amico Scotti, di fronte ai milioni di italiani in ascolto, possa aiutarci a promuovere la Citt\u00e0 di Albenga a livello nazionale\u201d, conclude il Vice Sindaco Schneck.<\/p>\n","protected":false},"excerpt":{"rendered":"<p>Albenga. Gioved\u00ec 16 settembre, una delegazione di cittadini albenganesi sar\u00e0 ospite d&#8217;eccezione della seguitissima trasmissione televisiva \u201cChi Vuol Essere Milionario?\u201d, condotta da Gerry Scotti e in onda tutti i pomeriggi su Canale 5. La visita agli studi televisivi di Mediaset, organizzata dall&#8217;agenzia di viaggi \u201cBaia del Sole\u201d di Piazza Matteotti ad Albenga, porter\u00e0 ben cinquantasette [&hellip;]<\/p>\n","protected":false},"author":13744,"featured_media":0,"comment_status":"open","ping_status":"closed","sticky":false,"template":"","format":"standard","meta":{"footnotes":""},"categories":[],"tags":[85841,7288,693,12348,3039],"class_list":["post-103776","post","type-post","status-publish","format-standard","hentry","tag-albenga","tag-gerry-scotti","tag-mediaset","tag-piatto-blu","tag-roberto-schneck","post_cat_citta-albenga"],"amp_validity":null,"amp_enabled":true,"_links":{"self":[{"href":"https:\/\/staging.ivg.it\/ediapi\/wp\/v2\/posts\/103776","targetHints":{"allow":["GET"]}}],"collection":[{"href":"https:\/\/staging.ivg.it\/ediapi\/wp\/v2\/posts"}],"about":[{"href":"https:\/\/staging.ivg.it\/ediapi\/wp\/v2\/types\/post"}],"author":[{"embeddable":true,"href":"https:\/\/staging.ivg.it\/ediapi\/wp\/v2\/users\/13744"}],"replies":[{"embeddable":true,"href":"https:\/\/staging.ivg.it\/ediapi\/wp\/v2\/comments?post=103776"}],"version-history":[{"count":0,"href":"https:\/\/staging.ivg.it\/ediapi\/wp\/v2\/posts\/103776\/revisions"}],"wp:attachment":[{"href":"https:\/\/staging.ivg.it\/ediapi\/wp\/v2\/media?parent=103776"}],"wp:term":[{"taxonomy":"category","embeddable":true,"href":"https:\/\/staging.ivg.it\/ediapi\/wp\/v2\/categories?post=103776"},{"taxonomy":"post_tag","embeddable":true,"href":"https:\/\/staging.ivg.it\/ediapi\/wp\/v2\/tags?post=103776"}],"curies":[{"name":"wp","href":"https:\/\/api.w.org\/{rel}","templated":true}]}}