{"id":103577,"date":"2010-09-13T17:43:05","date_gmt":"2010-09-13T15:43:05","guid":{"rendered":"http:\/\/www.ivg.it\/?p=103577"},"modified":"2010-09-14T10:39:14","modified_gmt":"2010-09-14T08:39:14","slug":"albenga-aggredisce-connazionale-marocchino-arrestato-per-rapina","status":"publish","type":"post","link":"https:\/\/staging.ivg.it\/2010\/09\/albenga-aggredisce-connazionale-marocchino-arrestato-per-rapina\/","title":{"rendered":"Albenga: aggredisce connazionale, marocchino arrestato per rapina"},"content":{"rendered":"<p><strong>Albenga<\/strong>. I carabinieri di Albenga hanno arrestato questa mattina intorno alle 10,30 un ventiseienne marocchino A.L. per rapina. Il fatto risale a questa notte quando in Piazza Trincheri, il giovane ha aggredito un connazionale e durante la lite, gli ha sottratto il portafoglio derubandolo di 150 euro in contanti.<\/p>\n<p>La vittima a cui sono stati dati 5 giorni di prognosi, ha fornito alle forze dell&#8217;ordine una descrizione dettagliata dell&#8217;aggressore permettendo agli agenti, di arrestare il rapinatore\u00a0una volta identificato in Viale Martiri della Libert\u00e0 ad Albenga. Il marocchino \u00e8 stato arrestato e si trova in carcere a Savona a disposizione dell&#8217;autorit\u00e0 giudiziaria.<\/p>\n","protected":false},"excerpt":{"rendered":"<p>Albenga. I carabinieri di Albenga hanno arrestato questa mattina intorno alle 10,30 un ventiseienne marocchino A.L. per rapina. Il fatto risale a questa notte quando in Piazza Trincheri, il giovane ha aggredito un connazionale e durante la lite, gli ha sottratto il portafoglio derubandolo di 150 euro in contanti. La vittima a cui sono stati [&hellip;]<\/p>\n","protected":false},"author":13744,"featured_media":0,"comment_status":"open","ping_status":"closed","sticky":false,"template":"","format":"standard","meta":{"footnotes":""},"categories":[34],"tags":[85841,666,228,2394,1065,85850],"class_list":["post-103577","post","type-post","status-publish","format-standard","hentry","category-cronaca","tag-albenga","tag-arresto","tag-carabinieri","tag-carcere","tag-rapina","tag-savona","post_cat_citta-albenga"],"amp_validity":null,"amp_enabled":true,"_links":{"self":[{"href":"https:\/\/staging.ivg.it\/ediapi\/wp\/v2\/posts\/103577","targetHints":{"allow":["GET"]}}],"collection":[{"href":"https:\/\/staging.ivg.it\/ediapi\/wp\/v2\/posts"}],"about":[{"href":"https:\/\/staging.ivg.it\/ediapi\/wp\/v2\/types\/post"}],"author":[{"embeddable":true,"href":"https:\/\/staging.ivg.it\/ediapi\/wp\/v2\/users\/13744"}],"replies":[{"embeddable":true,"href":"https:\/\/staging.ivg.it\/ediapi\/wp\/v2\/comments?post=103577"}],"version-history":[{"count":0,"href":"https:\/\/staging.ivg.it\/ediapi\/wp\/v2\/posts\/103577\/revisions"}],"wp:attachment":[{"href":"https:\/\/staging.ivg.it\/ediapi\/wp\/v2\/media?parent=103577"}],"wp:term":[{"taxonomy":"category","embeddable":true,"href":"https:\/\/staging.ivg.it\/ediapi\/wp\/v2\/categories?post=103577"},{"taxonomy":"post_tag","embeddable":true,"href":"https:\/\/staging.ivg.it\/ediapi\/wp\/v2\/tags?post=103577"}],"curies":[{"name":"wp","href":"https:\/\/api.w.org\/{rel}","templated":true}]}}