{"id":103554,"date":"2010-09-13T16:03:36","date_gmt":"2010-09-13T14:03:36","guid":{"rendered":"http:\/\/www.ivg.it\/?p=103554"},"modified":"2010-09-14T10:15:16","modified_gmt":"2010-09-14T08:15:16","slug":"tentato-omicidio-la-comunita-indu-addolorati-per-lepisodio-piu-sicurezza-per-la-nostra-festa","status":"publish","type":"post","link":"https:\/\/staging.ivg.it\/2010\/09\/tentato-omicidio-la-comunita-indu-addolorati-per-lepisodio-piu-sicurezza-per-la-nostra-festa\/","title":{"rendered":"Tentato omicidio, la comunit\u00e0 ind\u00f9: \u201cAddolorati per l\u2019episodio, ora pi\u00f9 sicurezza\u201d"},"content":{"rendered":"<p><strong>Altare.<\/strong> &#8220;Siamo ancora sotto shock per quanto accaduto. Durante la cerimonia religiosa abbiamo informato i presenti dell&#8217;aggressione che si era consumata poco distante dal tempio, e tutti hanno condannato il fatto&#8221;. Parla cos\u00ec ad IVG.it Elisa Grappoli, rappresentante della comunit\u00e0 ind\u00f9 che ogni anno organizza la ricorrenza di una divinit\u00e0 femminile presso il luogo di culto altarese &#8220;Svami Gitananda Ashram&#8221;.<\/p>\n<p>&#8220;Per noi \u00e8 una festa importante, molti si incontrano proprio durante questa celebrazione, tanti sono immigrati in giro per l&#8217;Italia e l&#8217;Europa, fanno una vita dura, di sacrifici e lavoro, e la ricorrenza diventa quindi occasione di incontro con familiari e amici, all&#8217;insegna della preghiera e del rispetto reciproco&#8221; aggiunge Elisa Grappoli.<\/p>\n<p>&#8220;A maggior ragione quello che \u00e8 successo ci addolora e molti oggi ci hanno telefonato per esprimerci vicinanza e sapere le condizioni delle persone rimaste ferite&#8221;.<\/p>\n<p>Intanto per il prossimo anno sono alla studio nuove modalit\u00e0 organizzative per festeggiare la ricorrenza: &#8220;Pi\u00f9 attenzione e collaborazione con le forze dell&#8217;ordine, che dobbiamo ringraziare assieme alla protezione civile e ai volontari. E&#8217; necessario garantire un contesto di sicurezza anche per gli operatori impegnati nello svolgimento della festa religiosa&#8221; conclude la rappresentante della comunit\u00e0 ind\u00f9.<\/p>\n","protected":false},"excerpt":{"rendered":"<p>Altare. &#8220;Siamo ancora sotto shock per quanto accaduto. Durante la cerimonia religiosa abbiamo informato i presenti dell&#8217;aggressione che si era consumata poco distante dal tempio, e tutti hanno condannato il fatto&#8221;. Parla cos\u00ec ad IVG.it Elisa Grappoli, rappresentante della comunit\u00e0 ind\u00f9 che ogni anno organizza la ricorrenza di una divinit\u00e0 femminile presso il luogo di [&hellip;]<\/p>\n","protected":false},"author":4,"featured_media":0,"comment_status":"open","ping_status":"closed","sticky":false,"template":"","format":"standard","meta":{"footnotes":""},"categories":[34],"tags":[85871,183,400],"class_list":["post-103554","post","type-post","status-publish","format-standard","hentry","category-cronaca","tag-altare","tag-sicurezza","tag-tentato-omicidio","post_cat_citta-andora","post_cat_citta-savona"],"amp_validity":null,"amp_enabled":true,"_links":{"self":[{"href":"https:\/\/staging.ivg.it\/ediapi\/wp\/v2\/posts\/103554","targetHints":{"allow":["GET"]}}],"collection":[{"href":"https:\/\/staging.ivg.it\/ediapi\/wp\/v2\/posts"}],"about":[{"href":"https:\/\/staging.ivg.it\/ediapi\/wp\/v2\/types\/post"}],"author":[{"embeddable":true,"href":"https:\/\/staging.ivg.it\/ediapi\/wp\/v2\/users\/4"}],"replies":[{"embeddable":true,"href":"https:\/\/staging.ivg.it\/ediapi\/wp\/v2\/comments?post=103554"}],"version-history":[{"count":0,"href":"https:\/\/staging.ivg.it\/ediapi\/wp\/v2\/posts\/103554\/revisions"}],"wp:attachment":[{"href":"https:\/\/staging.ivg.it\/ediapi\/wp\/v2\/media?parent=103554"}],"wp:term":[{"taxonomy":"category","embeddable":true,"href":"https:\/\/staging.ivg.it\/ediapi\/wp\/v2\/categories?post=103554"},{"taxonomy":"post_tag","embeddable":true,"href":"https:\/\/staging.ivg.it\/ediapi\/wp\/v2\/tags?post=103554"}],"curies":[{"name":"wp","href":"https:\/\/api.w.org\/{rel}","templated":true}]}}