{"id":103183,"date":"2010-09-11T10:16:54","date_gmt":"2010-09-11T08:16:54","guid":{"rendered":"http:\/\/www.ivg.it\/?p=103183"},"modified":"2010-09-11T15:32:59","modified_gmt":"2010-09-11T13:32:59","slug":"fabbriche-in-concerto-provincia-soddisfatta-abbiamo-portato-lavoro-sotto-i-riflettori","status":"publish","type":"post","link":"https:\/\/staging.ivg.it\/2010\/09\/fabbriche-in-concerto-provincia-soddisfatta-abbiamo-portato-lavoro-sotto-i-riflettori\/","title":{"rendered":"\u201cFabbriche in concerto\u201d, Provincia entusiasta: \u201cAbbiamo portato lavoro sotto i riflettori\u201d"},"content":{"rendered":"<p><strong>Albenga<\/strong>. Assolutamente positivo. Cos\u00ec la Provincia di Savona, che insieme all&#8217;Associazione Culturale Corelli con il patrocinio della Regione Liguria e dell\u2019 I.N.A.I.L., e in collaborazione coi Comuni di Albenga e Cairo Montenotte, della Fruttital &#8211; GF GROUP, de La Filippa e il contributo della Fondazione \u201cA. De Mari\u201d, lo ha organizzato, giudica il bilancio della rassegna &#8220;Fabbriche in concerto&#8221;.<\/p>\n<p>&#8220;Ha dato dei buoni risultati perch\u00e9 l&#8217;idea era proprio quella di portare l&#8217;attenzione sul mondo del lavoro &#8211; spiega il numero uno di Palazzo Nervi, Angelo Vaccarezza -. Specialmente nel periodo estivo le tematiche importanti vengono meno, ci si concentra su altro: Per questo noi abbiamo voluto portare quello che di solito \u00e8 la grande attrazione dell&#8217;estate nei luoghi di lavoro, portando l&#8217;attenzione su quello che \u00e8 l&#8217;unico vero tema e l&#8217;unica vera sfida che abbiamo di fronte ogni giorno, ovvero quella di garantire il lavoro alla gente e di tentare di fare uscire il paese dalla crisi&#8221;.<\/p>\n<p>&#8220;Tutto ci\u00f2 con la speranza e l&#8217;ambizione di uscire dalla crisi in maniere migliore di come ci siamo entrati e per questo bisogna che le tematiche del lavoro emergano &#8211; continua Vaccarezza -. Infatti \u00e8 proprio il settore politiche attive del lavoro con quello del turismo e della cultura della Provincia che organizza questi concerti che servono per raccontare ai ragazzi come si entra nel mondo del lavoro, cosa sono i centri per l&#8217;impiego, come si rientra nel mondo del lavoro quando magari a 35 ne sei uscito o sei stato estromesso a causa della crisi&#8221;.<\/p>\n<p>&#8220;Questa \u00e8 un&#8217;occasione per fare musica e fare cultura. La scelta degli artisti che sono sul palco non \u00e8 casuale. In particolare Bennato \u00e8 un uomo che ha sempre cantato le esperienze e le battaglie del popolo, soprattutto del Sud&#8221; conclude il presidente della Provincia. Entusiasta dei risultati dell&#8217;iniziativa anche l&#8217;assessore provinciale alla cultura Livio Bracco: &#8220;Il bilancio di questa esperienza \u00e8 positivo. Questo \u00e8 il secondo concerto dopo quello degli Zero Assoluto nella discarica della Filippa e direi che anche questo \u00e8 andato bene&#8221;<\/p>\n<p>&#8220;Il bilancio \u00e8 positivo perch\u00e9 siamo riusciti a collegare il lavoro alla cultura. Portiamo la cultura all&#8217;interno della fabbrica e proponiamo il lavoro ai giovani e meno giovani all&#8217;interno di siti produttivi. Una cosa che non \u00e8 mai stata fatta in Provincia di Savona e sicuramente neppure in Liguria. Questa esperienza la mettiamo a frutto per il prossimo anno quando la faremo e la faremo ancora meglio, aggiungendo qualcosa il 1\u00b0 maggio&#8221; conclude Bracco.<\/p>\n<p>Soddisfatto anche Fabio Rinaudo dell&#8217;associazione culturale &#8220;Corelli&#8221; che ha contribuito all&#8217;organizzazione dell&#8217;evento: &#8220;Una bellissima manifestazione. Portare la musica all&#8217;interno dei siti produttivi \u00e8 una cosa molto importante e speriamo che anche il pubblico lo abbia gradito. Finalmente possiamo vedere la musica al servizio di qualcosa di veramente importante&#8221;.<\/p>\n","protected":false},"excerpt":{"rendered":"<p>Albenga. Assolutamente positivo. Cos\u00ec la Provincia di Savona, che insieme all&#8217;Associazione Culturale Corelli con il patrocinio della Regione Liguria e dell\u2019 I.N.A.I.L., e in collaborazione coi Comuni di Albenga e Cairo Montenotte, della Fruttital &#8211; GF GROUP, de La Filippa e il contributo della Fondazione \u201cA. De Mari\u201d, lo ha organizzato, giudica il bilancio della [&hellip;]<\/p>\n","protected":false},"author":13744,"featured_media":0,"comment_status":"open","ping_status":"closed","sticky":false,"template":"","format":"standard","meta":{"footnotes":""},"categories":[56],"tags":[2317,620,26059,26060,9022,26724,11765,826,9994],"class_list":["post-103183","post","type-post","status-publish","format-standard","hentry","category-altre","tag-angelo-vaccarezza","tag-concerti","tag-eugenio-bennato","tag-fabbriche-in-concerto","tag-fabio-rinaudo","tag-fruttital","tag-livio-bracco","tag-musica","tag-provincia-di-savona","post_cat_citta-albenga","post_cat_citta-savona"],"amp_validity":null,"amp_enabled":true,"_links":{"self":[{"href":"https:\/\/staging.ivg.it\/ediapi\/wp\/v2\/posts\/103183","targetHints":{"allow":["GET"]}}],"collection":[{"href":"https:\/\/staging.ivg.it\/ediapi\/wp\/v2\/posts"}],"about":[{"href":"https:\/\/staging.ivg.it\/ediapi\/wp\/v2\/types\/post"}],"author":[{"embeddable":true,"href":"https:\/\/staging.ivg.it\/ediapi\/wp\/v2\/users\/13744"}],"replies":[{"embeddable":true,"href":"https:\/\/staging.ivg.it\/ediapi\/wp\/v2\/comments?post=103183"}],"version-history":[{"count":0,"href":"https:\/\/staging.ivg.it\/ediapi\/wp\/v2\/posts\/103183\/revisions"}],"wp:attachment":[{"href":"https:\/\/staging.ivg.it\/ediapi\/wp\/v2\/media?parent=103183"}],"wp:term":[{"taxonomy":"category","embeddable":true,"href":"https:\/\/staging.ivg.it\/ediapi\/wp\/v2\/categories?post=103183"},{"taxonomy":"post_tag","embeddable":true,"href":"https:\/\/staging.ivg.it\/ediapi\/wp\/v2\/tags?post=103183"}],"curies":[{"name":"wp","href":"https:\/\/api.w.org\/{rel}","templated":true}]}}