{"id":102227,"date":"2010-09-06T17:28:13","date_gmt":"2010-09-06T15:28:13","guid":{"rendered":"http:\/\/www.ivg.it\/?p=102227"},"modified":"2010-09-06T18:58:36","modified_gmt":"2010-09-06T16:58:36","slug":"savona-in-giunta-discussione-sul-piano-sanitario-asl-2","status":"publish","type":"post","link":"https:\/\/staging.ivg.it\/2010\/09\/savona-in-giunta-discussione-sul-piano-sanitario-asl-2\/","title":{"rendered":"Savona, in giunta discussione sul piano sanitario Asl 2"},"content":{"rendered":"<p><strong>Savona.<\/strong> Il sindaco di Savona Federico Berruti relazioner\u00e0 alla giunta comunale il piano sanitario della Asl 2 Savonese in seguito all&#8217;incontro che si \u00e8 svolto presso la Sala Rossa del Comune nell&#8217;ambito dei distretti socio-sanitari della Provincia savonese.<\/p>\n<p>Al centro la pianificazione del nuovo ospedale San Paolo, promesso dall&#8217;assessore regionale Claudio Montaldo, oltre alle riflessioni sul complessivo assetto della sanit\u00e0 ligure e savonese, anche alla luce dei pesanti tagli decisi dal governo.<\/p>\n<p>Tuttavia proprio sulla sanit\u00e0 non si escludono posizioni differenti in giunta e dei partiti della maggioranza. Domani, marted\u00ec 7 settembre, verr\u00e0 quindi avviata una prima discussione di merito tra i componenti della maggioranza con l&#8217;obiettivo di arrivare ad una posizione condivisa del Comune.<\/p>\n","protected":false},"excerpt":{"rendered":"<p>Savona. Il sindaco di Savona Federico Berruti relazioner\u00e0 alla giunta comunale il piano sanitario della Asl 2 Savonese in seguito all&#8217;incontro che si \u00e8 svolto presso la Sala Rossa del Comune nell&#8217;ambito dei distretti socio-sanitari della Provincia savonese. Al centro la pianificazione del nuovo ospedale San Paolo, promesso dall&#8217;assessore regionale Claudio Montaldo, oltre alle riflessioni [&hellip;]<\/p>\n","protected":false},"author":4,"featured_media":0,"comment_status":"open","ping_status":"closed","sticky":false,"template":"","format":"standard","meta":{"footnotes":""},"categories":[31],"tags":[1062,311,111,85850],"class_list":["post-102227","post","type-post","status-publish","format-standard","hentry","category-politica","tag-federico-berruti","tag-san-paolo","tag-sanita","tag-savona","post_cat_citta-andora","post_cat_citta-savona"],"amp_validity":null,"amp_enabled":true,"_links":{"self":[{"href":"https:\/\/staging.ivg.it\/ediapi\/wp\/v2\/posts\/102227","targetHints":{"allow":["GET"]}}],"collection":[{"href":"https:\/\/staging.ivg.it\/ediapi\/wp\/v2\/posts"}],"about":[{"href":"https:\/\/staging.ivg.it\/ediapi\/wp\/v2\/types\/post"}],"author":[{"embeddable":true,"href":"https:\/\/staging.ivg.it\/ediapi\/wp\/v2\/users\/4"}],"replies":[{"embeddable":true,"href":"https:\/\/staging.ivg.it\/ediapi\/wp\/v2\/comments?post=102227"}],"version-history":[{"count":0,"href":"https:\/\/staging.ivg.it\/ediapi\/wp\/v2\/posts\/102227\/revisions"}],"wp:attachment":[{"href":"https:\/\/staging.ivg.it\/ediapi\/wp\/v2\/media?parent=102227"}],"wp:term":[{"taxonomy":"category","embeddable":true,"href":"https:\/\/staging.ivg.it\/ediapi\/wp\/v2\/categories?post=102227"},{"taxonomy":"post_tag","embeddable":true,"href":"https:\/\/staging.ivg.it\/ediapi\/wp\/v2\/tags?post=102227"}],"curies":[{"name":"wp","href":"https:\/\/api.w.org\/{rel}","templated":true}]}}