{"id":102219,"date":"2010-09-06T17:08:54","date_gmt":"2010-09-06T15:08:54","guid":{"rendered":"http:\/\/www.ivg.it\/?p=102219"},"modified":"2010-09-07T09:44:42","modified_gmt":"2010-09-07T07:44:42","slug":"savona-banca-ditalia-via-libera-allaccordo-per-la-sede-di-piazza-mameli","status":"publish","type":"post","link":"https:\/\/staging.ivg.it\/2010\/09\/savona-banca-ditalia-via-libera-allaccordo-per-la-sede-di-piazza-mameli\/","title":{"rendered":"Savona, Banca d\u2019Italia: via libera all\u2019accordo per la sede di Piazza Mameli"},"content":{"rendered":"<p><strong>Savona. <\/strong>Verr\u00e0 approvata domani mattina (marted\u00ec 7 settembre), nel corso della giunta comunale di Savona, la bozza di accordo tra il Comune e la Banca d&#8217;Italia per la sede di Piazza Mameli. Via libera definitivo, quindi, all&#8217;intesa gi\u00e0 prevista a suo tempo con i 5 mln di euro che l&#8217;amministrazione incasser\u00e0 dalla Banca d&#8217;Italia rinunciando ad ogni diritto di riscatto.<\/p>\n<p>Ora la palla passer\u00e0 direttamente alla stessa Banca d&#8217;Italia che dovr\u00e0 mettere sul mercato l&#8217;immobile, cos\u00ec come le altre sedi dismesse sparse sul territorio italiano. Non si esclude un possibile interesse di istituti bancari o enti per la prestigiosa sede.<\/p>\n","protected":false},"excerpt":{"rendered":"<p>Savona. Verr\u00e0 approvata domani mattina (marted\u00ec 7 settembre), nel corso della giunta comunale di Savona, la bozza di accordo tra il Comune e la Banca d&#8217;Italia per la sede di Piazza Mameli. Via libera definitivo, quindi, all&#8217;intesa gi\u00e0 prevista a suo tempo con i 5 mln di euro che l&#8217;amministrazione incasser\u00e0 dalla Banca d&#8217;Italia rinunciando [&hellip;]<\/p>\n","protected":false},"author":4,"featured_media":0,"comment_status":"open","ping_status":"closed","sticky":false,"template":"","format":"standard","meta":{"footnotes":""},"categories":[35],"tags":[8214,11475,85850],"class_list":["post-102219","post","type-post","status-publish","format-standard","hentry","category-economia","tag-banca-ditalia","tag-piazza-mameli","tag-savona","post_cat_citta-andora","post_cat_citta-savona"],"amp_validity":null,"amp_enabled":true,"_links":{"self":[{"href":"https:\/\/staging.ivg.it\/ediapi\/wp\/v2\/posts\/102219","targetHints":{"allow":["GET"]}}],"collection":[{"href":"https:\/\/staging.ivg.it\/ediapi\/wp\/v2\/posts"}],"about":[{"href":"https:\/\/staging.ivg.it\/ediapi\/wp\/v2\/types\/post"}],"author":[{"embeddable":true,"href":"https:\/\/staging.ivg.it\/ediapi\/wp\/v2\/users\/4"}],"replies":[{"embeddable":true,"href":"https:\/\/staging.ivg.it\/ediapi\/wp\/v2\/comments?post=102219"}],"version-history":[{"count":0,"href":"https:\/\/staging.ivg.it\/ediapi\/wp\/v2\/posts\/102219\/revisions"}],"wp:attachment":[{"href":"https:\/\/staging.ivg.it\/ediapi\/wp\/v2\/media?parent=102219"}],"wp:term":[{"taxonomy":"category","embeddable":true,"href":"https:\/\/staging.ivg.it\/ediapi\/wp\/v2\/categories?post=102219"},{"taxonomy":"post_tag","embeddable":true,"href":"https:\/\/staging.ivg.it\/ediapi\/wp\/v2\/tags?post=102219"}],"curies":[{"name":"wp","href":"https:\/\/api.w.org\/{rel}","templated":true}]}}