{"id":102212,"date":"2010-09-06T16:53:03","date_gmt":"2010-09-06T14:53:03","guid":{"rendered":"http:\/\/www.ivg.it\/?p=102212"},"modified":"2010-09-06T16:55:56","modified_gmt":"2010-09-06T14:55:56","slug":"regione-una-proposta-di-marco-scajola-pdl-sul-volontariato","status":"publish","type":"post","link":"https:\/\/staging.ivg.it\/2010\/09\/regione-una-proposta-di-marco-scajola-pdl-sul-volontariato\/","title":{"rendered":"Regione, una proposta di Marco Scajola (Pdl) sul volontariato"},"content":{"rendered":"<p><strong>Regione.<\/strong> Un protocollo di intesa fra le assicurazioni e la Regione Liguria per far in modo che le realt\u00e0 impegnate nel volontariato, e in particolare quelle che si occupano del trasporto dei malati attraverso una forma di convenzione, possano avere benefici in termini di risparmio economico sulla copertura assicurativa dei mezzi necessari alla loro attivit\u00e0. E&#8217; la proposta formulata da Marco Scajola, vicecapogruppo del Pdl in Regione.<\/p>\n<p>&#8220;Questa iniziativa &#8211; spiega Scajola &#8211; mi \u00e8 stata suggerita dagli operatori della Protezione Civile. Sono convinto che questo protocollo potrebbe portare vantaggi certi agli operatori del settore senza costare un centesimo alle casse della Regione Liguria. Al pi\u00f9 presto &#8211; ha aggiunto Scajola &#8211; presenteremo la nostra proposta che poi verr\u00e0 consegnata alla Giunta regionale. Mi auguro che, al di l\u00e0 delle posizioni politiche, ci sia la volont\u00e0 di attuare un qualcosa di importante nell&#8217;interesse di tutti&#8221;<\/p>\n","protected":false},"excerpt":{"rendered":"<p>Regione. Un protocollo di intesa fra le assicurazioni e la Regione Liguria per far in modo che le realt\u00e0 impegnate nel volontariato, e in particolare quelle che si occupano del trasporto dei malati attraverso una forma di convenzione, possano avere benefici in termini di risparmio economico sulla copertura assicurativa dei mezzi necessari alla loro attivit\u00e0. [&hellip;]<\/p>\n","protected":false},"author":13744,"featured_media":0,"comment_status":"open","ping_status":"closed","sticky":false,"template":"","format":"standard","meta":{"footnotes":""},"categories":[],"tags":[22135,216,223,1972],"class_list":["post-102212","post","type-post","status-publish","format-standard","hentry","tag-marco-scajola","tag-pdl","tag-regione-liguria","tag-volontariato","post_cat_citta-andora"],"amp_validity":null,"amp_enabled":true,"_links":{"self":[{"href":"https:\/\/staging.ivg.it\/ediapi\/wp\/v2\/posts\/102212","targetHints":{"allow":["GET"]}}],"collection":[{"href":"https:\/\/staging.ivg.it\/ediapi\/wp\/v2\/posts"}],"about":[{"href":"https:\/\/staging.ivg.it\/ediapi\/wp\/v2\/types\/post"}],"author":[{"embeddable":true,"href":"https:\/\/staging.ivg.it\/ediapi\/wp\/v2\/users\/13744"}],"replies":[{"embeddable":true,"href":"https:\/\/staging.ivg.it\/ediapi\/wp\/v2\/comments?post=102212"}],"version-history":[{"count":0,"href":"https:\/\/staging.ivg.it\/ediapi\/wp\/v2\/posts\/102212\/revisions"}],"wp:attachment":[{"href":"https:\/\/staging.ivg.it\/ediapi\/wp\/v2\/media?parent=102212"}],"wp:term":[{"taxonomy":"category","embeddable":true,"href":"https:\/\/staging.ivg.it\/ediapi\/wp\/v2\/categories?post=102212"},{"taxonomy":"post_tag","embeddable":true,"href":"https:\/\/staging.ivg.it\/ediapi\/wp\/v2\/tags?post=102212"}],"curies":[{"name":"wp","href":"https:\/\/api.w.org\/{rel}","templated":true}]}}