{"id":102108,"date":"2010-09-06T11:53:28","date_gmt":"2010-09-06T09:53:28","guid":{"rendered":"http:\/\/www.ivg.it\/?p=102108"},"modified":"2010-09-07T08:50:28","modified_gmt":"2010-09-07T06:50:28","slug":"laddio-di-carcare-a-quel-ragazzo-che-sognava-una-vita-semplice","status":"publish","type":"post","link":"https:\/\/staging.ivg.it\/2010\/09\/laddio-di-carcare-a-quel-ragazzo-che-sognava-una-vita-semplice\/","title":{"rendered":"L\u2019addio di Carcare a quel ragazzo che sognava una vita semplice (foto)"},"content":{"rendered":"<p><strong>Carcare<\/strong>. Sognava una vita semplice Giacomo. Un&#8217;esistenza fatta di piccole cose che, per lui, significavano &#8220;felicit\u00e0&#8221;. Avrebbe voluto frequentare l&#8217;universit\u00e0, trovare un lavoro sicuro e mettere su famiglia. Nessun grillo per la testa, ma tanta concretezza.<\/p>\n<p>A svelare i suoi progetti ci ha pensato oggi un professore del Liceo Scientifico San Giuseppe Calasanzio. Il docente aveva parlato poche settimane fa con &#8220;Jack&#8221; che gli aveva rivelato la sua idea di futuro. Un lavoro, una casa, una persona da amare, dei figli. Parole e racconti che stridono con un domani che non c&#8217;\u00e8 pi\u00f9.<\/p>\n<p>E&#8217; stata questa una delle testimonianze pi\u00f9 toccanti al funerale di Giacomo Comparato che, a soli 17 anni, ha perso la vita in un incidente in moto lungo la strada che collega Carcare e Pallare. La folla di parenti e amici &#8211; circa tremila in tutto &#8211; hanno ascoltato quelle parole con grande commozione, stretti in un dolore composto. Erano tantissimi i giovani presenti: i compagni di scuola, i &#8220;colleghi&#8221; delle giovanili del Savona Calcio e della Carcarese, gli amici di sempre. Un lungo applauso ha accolto la bara di Jack all&#8217;uscita dalla chiesa parrocchiale San Giovanni Battista, bara sulla quale campeggia la maglia del Savona Calcio.<\/p>\n<p>L&#8217;incredulit\u00e0 nelle parole di un&#8217;amica che dice: &#8220;Ci manchi gi\u00e0 tantissimo. Ieri eravamo qui a ridere e a scherzare, e oggi non ci sei pi\u00f9. Non riusciremo mai ad accettarlo&#8221;. Anche padre Italo della parrocchia di Carcare mostra una grande commozione: &#8220;E&#8217; difficile celebrare per me questo funerale&#8221;, perch\u00e8 la morte improvvisa di un ragazzo cos\u00ec giovane lascia troppo dolore. La famiglia, molto conosciuta in paese, ha seguito il funerale chiusa in un dolore composto.<br \/>\nAll&#8217;esterno della chiesa uno striscione: \u201cJack, il tuo sorriso splende nel cielo. Ti vogliamo bene\u201d. Poi, la partenza verso il cimitero di Carcare dove Jack riposer\u00e0.<\/p>\n","protected":false},"excerpt":{"rendered":"<p>Carcare. Sognava una vita semplice Giacomo. Un&#8217;esistenza fatta di piccole cose che, per lui, significavano &#8220;felicit\u00e0&#8221;. Avrebbe voluto frequentare l&#8217;universit\u00e0, trovare un lavoro sicuro e mettere su famiglia. Nessun grillo per la testa, ma tanta concretezza. A svelare i suoi progetti ci ha pensato oggi un professore del Liceo Scientifico San Giuseppe Calasanzio. Il docente [&hellip;]<\/p>\n","protected":false},"author":13744,"featured_media":0,"comment_status":"open","ping_status":"closed","sticky":false,"template":"","format":"standard","meta":{"footnotes":""},"categories":[34],"tags":[85852,3638,26682,10550],"class_list":["post-102108","post","type-post","status-publish","format-standard","hentry","category-cronaca","tag-carcare","tag-funerale","tag-giacomo-comparato","tag-incidente-mortale","post_cat_citta-carcare"],"amp_validity":null,"amp_enabled":true,"_links":{"self":[{"href":"https:\/\/staging.ivg.it\/ediapi\/wp\/v2\/posts\/102108","targetHints":{"allow":["GET"]}}],"collection":[{"href":"https:\/\/staging.ivg.it\/ediapi\/wp\/v2\/posts"}],"about":[{"href":"https:\/\/staging.ivg.it\/ediapi\/wp\/v2\/types\/post"}],"author":[{"embeddable":true,"href":"https:\/\/staging.ivg.it\/ediapi\/wp\/v2\/users\/13744"}],"replies":[{"embeddable":true,"href":"https:\/\/staging.ivg.it\/ediapi\/wp\/v2\/comments?post=102108"}],"version-history":[{"count":0,"href":"https:\/\/staging.ivg.it\/ediapi\/wp\/v2\/posts\/102108\/revisions"}],"wp:attachment":[{"href":"https:\/\/staging.ivg.it\/ediapi\/wp\/v2\/media?parent=102108"}],"wp:term":[{"taxonomy":"category","embeddable":true,"href":"https:\/\/staging.ivg.it\/ediapi\/wp\/v2\/categories?post=102108"},{"taxonomy":"post_tag","embeddable":true,"href":"https:\/\/staging.ivg.it\/ediapi\/wp\/v2\/tags?post=102108"}],"curies":[{"name":"wp","href":"https:\/\/api.w.org\/{rel}","templated":true}]}}