{"id":101798,"date":"2010-09-04T12:02:49","date_gmt":"2010-09-04T10:02:49","guid":{"rendered":"http:\/\/www.ivg.it\/?p=101798"},"modified":"2010-09-04T19:07:41","modified_gmt":"2010-09-04T17:07:41","slug":"pietra-ligure-si-e-spento-don-nicolo-storica-guida-spirituale-del-santa-corona","status":"publish","type":"post","link":"https:\/\/staging.ivg.it\/2010\/09\/pietra-ligure-si-e-spento-don-nicolo-storica-guida-spirituale-del-santa-corona\/","title":{"rendered":"Pietra Ligure: si \u00e8 spento Don Nicol\u00f2, storica guida spirituale del Santa Corona"},"content":{"rendered":"<p><strong>Pietra Ligure.<\/strong> Si \u00e8 spento all&#8217;et\u00e0 di 87 anni Don Nicol\u00f2 Parodi, parroco e storica guida spirituale dell&#8217;Ospedale Santa Corona di Pietra Ligure dopo un ricovero presso il nosocomio pietrese, a seguito di un malore intorno alla fine di agosto.<\/p>\n<p>Don Nicol\u00f2 Parodi, originario di Gorra,\u00a0era stato ordinato sacerdote il 12 luglio 1947, per alcuni anni \u00e8 stato vice parroco ad Andora e nel\u00a0 1956 era stato nominato parroco della parrocchia di San Giovanni Battista di Loano. Fino a due anni fa\u00a0ha ricoperto il ruolo di cappellano\u00a0all&#8217;ospedale Santa Corona di Pietra\u00a0Ligure.<\/p>\n<p>Tutte le persone che l&#8217;hanno conosciuto lo ricordano come un uomo limpido e sereno, pieno di vita, presente giorno e notte nell&#8217;ospedale di Pietra Ligure\u00a0per ascoltare e confortare\u00a0fedeli e ammalati.<\/p>\n","protected":false},"excerpt":{"rendered":"<p>Pietra Ligure. Si \u00e8 spento all&#8217;et\u00e0 di 87 anni Don Nicol\u00f2 Parodi, parroco e storica guida spirituale dell&#8217;Ospedale Santa Corona di Pietra Ligure dopo un ricovero presso il nosocomio pietrese, a seguito di un malore intorno alla fine di agosto. Don Nicol\u00f2 Parodi, originario di Gorra,\u00a0era stato ordinato sacerdote il 12 luglio 1947, per alcuni [&hellip;]<\/p>\n","protected":false},"author":13744,"featured_media":0,"comment_status":"open","ping_status":"closed","sticky":false,"template":"","format":"standard","meta":{"footnotes":""},"categories":[34],"tags":[85827,533,85830,302],"class_list":["post-101798","post","type-post","status-publish","format-standard","hentry","category-cronaca","tag-loano","tag-parroco","tag-pietra-ligure","tag-santa-corona","post_cat_citta-pietra-ligure"],"amp_validity":null,"amp_enabled":true,"_links":{"self":[{"href":"https:\/\/staging.ivg.it\/ediapi\/wp\/v2\/posts\/101798","targetHints":{"allow":["GET"]}}],"collection":[{"href":"https:\/\/staging.ivg.it\/ediapi\/wp\/v2\/posts"}],"about":[{"href":"https:\/\/staging.ivg.it\/ediapi\/wp\/v2\/types\/post"}],"author":[{"embeddable":true,"href":"https:\/\/staging.ivg.it\/ediapi\/wp\/v2\/users\/13744"}],"replies":[{"embeddable":true,"href":"https:\/\/staging.ivg.it\/ediapi\/wp\/v2\/comments?post=101798"}],"version-history":[{"count":0,"href":"https:\/\/staging.ivg.it\/ediapi\/wp\/v2\/posts\/101798\/revisions"}],"wp:attachment":[{"href":"https:\/\/staging.ivg.it\/ediapi\/wp\/v2\/media?parent=101798"}],"wp:term":[{"taxonomy":"category","embeddable":true,"href":"https:\/\/staging.ivg.it\/ediapi\/wp\/v2\/categories?post=101798"},{"taxonomy":"post_tag","embeddable":true,"href":"https:\/\/staging.ivg.it\/ediapi\/wp\/v2\/tags?post=101798"}],"curies":[{"name":"wp","href":"https:\/\/api.w.org\/{rel}","templated":true}]}}