{"id":101174,"date":"2010-09-02T09:56:37","date_gmt":"2010-09-02T07:56:37","guid":{"rendered":"http:\/\/www.ivg.it\/?p=101174"},"modified":"2010-09-02T14:56:56","modified_gmt":"2010-09-02T12:56:56","slug":"vado-in-festa-per-lapertura-del-molo-8-44-e-sfida-vinta-che-avra-ricadute-positive","status":"publish","type":"post","link":"https:\/\/staging.ivg.it\/2010\/09\/vado-in-festa-per-lapertura-del-molo-8-44-e-sfida-vinta-che-avra-ricadute-positive\/","title":{"rendered":"Vado in festa per l\u2019apertura del Molo 8.44: \u201cSfida vinta che avr\u00e0 ricadute positive\u201d"},"content":{"rendered":"<p><strong>Vado L.<\/strong> Con una grande serata di gala Vado Ligure, ieri, ha salutato l&#8217;apertura del centro commerciale &#8220;Molo 8.44&#8221;. Una grande festa, come finora forse non se ne erano mai viste a Vado, a partire dalle 21, ha acceso i riflettori del nuovissimo complesso commerciale che ospiter\u00e0 pi\u00f9 di 60 negozi.<\/p>\n<p>Per l&#8217;inaugurazione del &#8220;Molo&#8221; c&#8217;erano davvero tutti, nessuno infatti ha voluto mancare all&#8217;appuntamento con il taglio del nastro: da Ignazio Messina, che l&#8217;ha costruito, ad Angelo Vaccarezza, Renzo Guccinelli, il Vescovo Lupi, il sindaco Attilio Caviglia, il presidente di Coop Liguria, Luciano Pasquale, Fabio Atzori, numerosi amministratori locali, consiglieri regionali e la coppia Gasco-Mastella. Oltre a politici ed autorit\u00e0 ad animare la festa e a visitare per primi il centro commerciale c&#8217;erano circa un migliaio di invitati.<\/p>\n<p>&#8220;Questo \u00e8 uno spazio che \u00e8 stato recuperato nell&#8217;ottica di una visione moderna del commercio. E&#8217; un centro che mette insieme la grande superficie di vendita della Coop Liguria con altre attivit\u00e0 di grandissima qualit\u00e0 senza trascurare spazi che possono diventare un momento importante di vita sociale e di incontro della comunit\u00e0. E&#8217; una sfida che Vado ha lanciato qualche anno fa e per il momento ha vinto&#8221; commenta l&#8217;assessore regionale Renzo Guccinelli.<\/p>\n<p>&#8220;Io faccio gli auguri al centro e li faccio anche al Comune nella speranza che sappia vincere una seconda sfida, ovvero quella di mettere in correlazione questo centro commerciale con la realt\u00e0 commerciale del centro cittadino e con il territorio circostante. Il centro con la sua capacit\u00e0 di attrazione pu\u00f2 e deve diventare un traino che faccia avere ricadute positive sul territorio&#8221; conclude l&#8217;assessore.<\/p>\n<p>&#8220;Non credo che ci siano troppi spazi commerciali. Il commercio fortunatamente \u00e8 liberalizzato e nel nostro Paese offre moltissimi posti di lavoro. La forza del commercio non \u00e8 quella di non rinnovarsi e di non avere nuovi spazi ma quella di poter reggere le sfide di nuove esigenze che i clienti hanno. La forza dei nostri centri commerciali naturali che sono all&#8217;interno dei centri storici \u00e8 la capacit\u00e0 di sapersi continuamente rinnovare per dare al cliente ci\u00f2 che lui cerca&#8221; commenta il presidente della Provincia Angelo Vaccarezza.<\/p>\n<p>&#8220;Qui c&#8217;\u00e8 una proposta innovativa che quindi far\u00e0 del bene al mondo commerciale savonese e secondo me porter\u00e0 anche del denaro da fuori provincia all&#8217;interno delle casse di questi negozi e spero in casa delle famiglie che in questi negozi troveranno il posto di lavoro. Il Molo ne offre molti in un momento di grande difficolt\u00e0. Noi non possiamo continuare a pensare che questa Provincia deve morire cos\u00ec com&#8217;\u00e8 nata, dobbiamo avere la forza di sognare un&#8217;economia diversa per la Provincia di Savona e oggi Vado Ligure segna un punto importante perch\u00e9 dimostra come si possa fare attivit\u00e0 economica in maniera diversa da quelle che ci hanno accompagnato nel secolo scorso&#8221; aggiunge il numero uno di Palazzo Nervi.<\/p>\n<p>&#8220;Questo \u00e8 un investimento importante per il quale ho ringraziato la famiglia Messina ma oggi dobbiamo fare in modo che questo centro sia una ricchezza per tutti e che quindi non vengano meno le reali possibilit\u00e0 di fare azienda e commercio per coloro che hanno un&#8217;attivit\u00e0 nel centro storico di Vado e che quello che questo centro attirer\u00e0 vada in rete per tutta la citt\u00e0. Credo che sia un&#8217;occasione da non perdere e che non capita spesso. Troppe volte noi guardiamo l&#8217;albero che cade ma c&#8217;\u00e8 una foresta che cresce e dobbiamo aiutarla a diventare grande&#8221; conclude Vaccarezza.<\/p>\n","protected":false},"excerpt":{"rendered":"<p>Vado L. Con una grande serata di gala Vado Ligure, ieri, ha salutato l&#8217;apertura del centro commerciale &#8220;Molo 8.44&#8221;. Una grande festa, come finora forse non se ne erano mai viste a Vado, a partire dalle 21, ha acceso i riflettori del nuovissimo complesso commerciale che ospiter\u00e0 pi\u00f9 di 60 negozi. Per l&#8217;inaugurazione del &#8220;Molo&#8221; [&hellip;]<\/p>\n","protected":false},"author":2394,"featured_media":0,"comment_status":"open","ping_status":"closed","sticky":false,"template":"","format":"standard","meta":{"footnotes":""},"categories":[34,35],"tags":[2317,3442,369,200,25106,2220],"class_list":["post-101174","post","type-post","status-publish","format-standard","hentry","category-cronaca","category-economia","tag-angelo-vaccarezza","tag-centro-commerciale","tag-festa","tag-inaugurazione","tag-molo-8-44","tag-renzo-guccinelli","post_cat_citta-vado-ligure"],"amp_validity":null,"amp_enabled":true,"_links":{"self":[{"href":"https:\/\/staging.ivg.it\/ediapi\/wp\/v2\/posts\/101174","targetHints":{"allow":["GET"]}}],"collection":[{"href":"https:\/\/staging.ivg.it\/ediapi\/wp\/v2\/posts"}],"about":[{"href":"https:\/\/staging.ivg.it\/ediapi\/wp\/v2\/types\/post"}],"author":[{"embeddable":true,"href":"https:\/\/staging.ivg.it\/ediapi\/wp\/v2\/users\/2394"}],"replies":[{"embeddable":true,"href":"https:\/\/staging.ivg.it\/ediapi\/wp\/v2\/comments?post=101174"}],"version-history":[{"count":0,"href":"https:\/\/staging.ivg.it\/ediapi\/wp\/v2\/posts\/101174\/revisions"}],"wp:attachment":[{"href":"https:\/\/staging.ivg.it\/ediapi\/wp\/v2\/media?parent=101174"}],"wp:term":[{"taxonomy":"category","embeddable":true,"href":"https:\/\/staging.ivg.it\/ediapi\/wp\/v2\/categories?post=101174"},{"taxonomy":"post_tag","embeddable":true,"href":"https:\/\/staging.ivg.it\/ediapi\/wp\/v2\/tags?post=101174"}],"curies":[{"name":"wp","href":"https:\/\/api.w.org\/{rel}","templated":true}]}}