{"id":100922,"date":"2010-09-01T09:21:03","date_gmt":"2010-09-01T07:21:03","guid":{"rendered":"http:\/\/www.ivg.it\/?p=100922"},"modified":"2010-09-01T09:21:03","modified_gmt":"2010-09-01T07:21:03","slug":"pietra-due-giorni-di-festa-per-la-madonna-del-soccorso","status":"publish","type":"post","link":"https:\/\/staging.ivg.it\/2010\/09\/pietra-due-giorni-di-festa-per-la-madonna-del-soccorso\/","title":{"rendered":"Pietra, due giorni di festa per la &#8220;Madonna del Soccorso&#8221;"},"content":{"rendered":"<p><strong>Pietra L. <\/strong>L\u2019Assessorato alle Attivit\u00e0 Produttive del Comune di Pietra Ligure quest&#8217;anno, in occasione della Festa della Madonna del Soccorso, ha voluto riprendere con la Parrocchia del Soccorso questa festivit\u00e0 plurisecolare organizzando eventi collaterali e valorizzando le attivit\u00e0 commerciali della zona che prolungheranno l\u2019orario in concomitanza della manifestazione.<\/p>\n<p>Per due giorni infatti, marted\u00ec 7 e mercoled\u00ec 8 settembre, si terr\u00e0 una manifestazione che unisce il sacro ed il profano: momenti dedicati alla commemorazione religiosa ed anche alla degustazione e allo spettacolo. Dalle 9 di marted\u00ec 7 in Piazza Marconi apriranno gli stand con prodotti gastronomici e artigianali provenienti da diverse regioni italiane \u201cColori e Sapori a Pietra Ligure\u201d organizzato dalla Ditta JM Consult.<\/p>\n<p>La sera del 7 settembre e la sera dell\u20198 a partire dalle 21,30, inizier\u00e0 l\u2019animazione: le fontane danzanti, un tripudio di acqua, luce e musica che si ripeter\u00e0 ogni quindici minuti per tutta la serata, in modo tale che passeggiando per gli stand tutti i visitatori possano godere dello spettacolo. Mercoled\u00ec 8 la filarmonica G. Moretti alle 20,30 aprir\u00e0 la serata accompagnando i visitatori della mostra mercato da Piazza Marconi e proseguir\u00e0 alla Chiesa di Nostra Signora del Soccorso dove a partire dalle ore 21 si celebra la S. Messa in onore della Madonna del Soccorso e successivamente si svolger\u00e0 la processione con la partecipazione della Confraternita Santa Caterina e della filarmonica.<\/p>\n<p>La Filarmonica G. Moretti \u00e8 considerata la banda pi\u00f9 antica d\u2019Italia: fondata nel 1518, ha festeggiato nel 2008 i suoi 490 anni di vita e deve il suo nome al direttore che l\u2019ha resa celebre. Le fontane danzanti sono uno spettacolo dove come per magia l&#8217;acqua prende vita e gioca con luci e colori. Inizia a danzare su note suadenti per poi adattarsi a ritmi sempre pi\u00f9 incalzanti e coinvolgenti. Zampilli che girano, s&#8217;intrecciano, saettano e si spingono fino al cielo in un vortice di emozioni che lasciano lo spettatore stupito e consapevole d&#8217;aver preso parte ad uno spettacolo non comune.<\/p>\n<p>Ad accrescere la meraviglia: il suono. L&#8217;acqua e la musica sono complici in una danza che esalta il ritmo e trascina gli spettatori trasmettendogli vitalit\u00e0, forza, calore ed energia. Non mancher\u00e0 la musica live con sonorit\u00e0 latino americane che invitano a ballare.<\/p>\n","protected":false},"excerpt":{"rendered":"<p>Pietra L. L\u2019Assessorato alle Attivit\u00e0 Produttive del Comune di Pietra Ligure quest&#8217;anno, in occasione della Festa della Madonna del Soccorso, ha voluto riprendere con la Parrocchia del Soccorso questa festivit\u00e0 plurisecolare organizzando eventi collaterali e valorizzando le attivit\u00e0 commerciali della zona che prolungheranno l\u2019orario in concomitanza della manifestazione. Per due giorni infatti, marted\u00ec 7 e [&hellip;]<\/p>\n","protected":false},"author":5,"featured_media":0,"comment_status":"open","ping_status":"closed","sticky":false,"template":"","format":"standard","meta":{"footnotes":""},"categories":[56],"tags":[369,2281,85830,1707],"class_list":["post-100922","post","type-post","status-publish","format-standard","hentry","category-altre","tag-festa","tag-mercatini-2","tag-pietra-ligure","tag-spettacoli","post_cat_citta-pietra-ligure"],"amp_validity":null,"amp_enabled":true,"_links":{"self":[{"href":"https:\/\/staging.ivg.it\/ediapi\/wp\/v2\/posts\/100922","targetHints":{"allow":["GET"]}}],"collection":[{"href":"https:\/\/staging.ivg.it\/ediapi\/wp\/v2\/posts"}],"about":[{"href":"https:\/\/staging.ivg.it\/ediapi\/wp\/v2\/types\/post"}],"author":[{"embeddable":true,"href":"https:\/\/staging.ivg.it\/ediapi\/wp\/v2\/users\/5"}],"replies":[{"embeddable":true,"href":"https:\/\/staging.ivg.it\/ediapi\/wp\/v2\/comments?post=100922"}],"version-history":[{"count":0,"href":"https:\/\/staging.ivg.it\/ediapi\/wp\/v2\/posts\/100922\/revisions"}],"wp:attachment":[{"href":"https:\/\/staging.ivg.it\/ediapi\/wp\/v2\/media?parent=100922"}],"wp:term":[{"taxonomy":"category","embeddable":true,"href":"https:\/\/staging.ivg.it\/ediapi\/wp\/v2\/categories?post=100922"},{"taxonomy":"post_tag","embeddable":true,"href":"https:\/\/staging.ivg.it\/ediapi\/wp\/v2\/tags?post=100922"}],"curies":[{"name":"wp","href":"https:\/\/api.w.org\/{rel}","templated":true}]}}