{"id":100497,"date":"2010-08-30T09:49:56","date_gmt":"2010-08-30T07:49:56","guid":{"rendered":"http:\/\/www.ivg.it\/?p=100497"},"modified":"2010-08-30T09:49:56","modified_gmt":"2010-08-30T07:49:56","slug":"savona-convivenza-e-contaminazione-culturale-dibattito-in-darsena","status":"publish","type":"post","link":"https:\/\/staging.ivg.it\/2010\/08\/savona-convivenza-e-contaminazione-culturale-dibattito-in-darsena\/","title":{"rendered":"Savona, convivenza e contaminazione culturale: dibattito in Darsena"},"content":{"rendered":"<p><strong>Savona<\/strong>. Mercoled\u00ec 1 settembre, dalle ore 18,30, in Piazza De Andr\u00e8 (Darsena) a Savona l&#8217;associazione Il Baobab, in collaborazione con Associazione Progetto Jonathan e la BioCaffeteria La corte della Nuova Darsena, presenta &#8220;Contaminazioni &#8211; Quando l\u2019incontro diventa ricchezza&#8221;. Il programma prevede alle 18,30 un aperitivo con accompagnamento musicale dal vivo e alle 19,30 un dibattito su convivenza e contaminazione culturale.<\/p>\n<p>Al dibattito sono stati invitati a partecipare: l&#8217;Assessore regionale alle Politiche dell&#8217;Immigrazione Enrico Vesco, il Presidente della provincia di Savona Angelo Vaccarezza, l&#8217;Assessore alla promozione sociale e pubblica istruzione del Comune di Savona Isabella Sorgini, l&#8217;Assessore all&#8217;Ambiente J\u00f6rg Costantino e il Presidente regionale dell&#8217;ARCI Walter Massa.<\/p>\n<p>Le letture saranno a cura di Elio Berti. Alle 20,45 \u00e8 prevista una cena a base di piatti all\u2019incrocio tra diverse culture ideati da Clara Lupano e alle 21,30 il concerto di Daouda Diabate (djembe e ngoni) Lao Kouyate (kora), Luca Pesenti (violino) e Renato Procopio (chitarra acustica) eccezionalmente insieme in Jam session per Il Baobab.<\/p>\n<p>&#8220;Contaminazioni nasce dall&#8217;esigenza di dare una risposta ferma al clima di paura del diverso di cui gli episodi di intolleranza che abbiamo visto negli ultimi tempi nella nostra provincia sono figli e vuole essere una progetto culturalmente innovativo, per dire che non solo una convivenza \u00e8 possibile, ma pu\u00f2 portare pi\u00f9 lontano di dove le gambe di ciascuno possono andare. La proposta \u00e8 una serata in cui alla discussione sui temi della convivenza e della contaminazione tra culture si affianchi la possibilit\u00e0 concreta di gustare un esito possibile dell&#8217;incontro&#8221; spiegano gli ideatori dell&#8217;iniziativa che \u00e8 patrocinata da Provincia di Savona, Comune di Savona, ARCI Comitato Provinciale Savona, ARCI Comitato Regionale Liguria.<\/p>\n","protected":false},"excerpt":{"rendered":"<p>Savona. Mercoled\u00ec 1 settembre, dalle ore 18,30, in Piazza De Andr\u00e8 (Darsena) a Savona l&#8217;associazione Il Baobab, in collaborazione con Associazione Progetto Jonathan e la BioCaffeteria La corte della Nuova Darsena, presenta &#8220;Contaminazioni &#8211; Quando l\u2019incontro diventa ricchezza&#8221;. Il programma prevede alle 18,30 un aperitivo con accompagnamento musicale dal vivo e alle 19,30 un dibattito [&hellip;]<\/p>\n","protected":false},"author":13744,"featured_media":0,"comment_status":"open","ping_status":"closed","sticky":false,"template":"","format":"standard","meta":{"footnotes":""},"categories":[56],"tags":[1384,5254,85850],"class_list":["post-100497","post","type-post","status-publish","format-standard","hentry","category-altre","tag-darsena","tag-dibattito","tag-savona","post_cat_citta-savona"],"amp_validity":null,"amp_enabled":true,"_links":{"self":[{"href":"https:\/\/staging.ivg.it\/ediapi\/wp\/v2\/posts\/100497","targetHints":{"allow":["GET"]}}],"collection":[{"href":"https:\/\/staging.ivg.it\/ediapi\/wp\/v2\/posts"}],"about":[{"href":"https:\/\/staging.ivg.it\/ediapi\/wp\/v2\/types\/post"}],"author":[{"embeddable":true,"href":"https:\/\/staging.ivg.it\/ediapi\/wp\/v2\/users\/13744"}],"replies":[{"embeddable":true,"href":"https:\/\/staging.ivg.it\/ediapi\/wp\/v2\/comments?post=100497"}],"version-history":[{"count":0,"href":"https:\/\/staging.ivg.it\/ediapi\/wp\/v2\/posts\/100497\/revisions"}],"wp:attachment":[{"href":"https:\/\/staging.ivg.it\/ediapi\/wp\/v2\/media?parent=100497"}],"wp:term":[{"taxonomy":"category","embeddable":true,"href":"https:\/\/staging.ivg.it\/ediapi\/wp\/v2\/categories?post=100497"},{"taxonomy":"post_tag","embeddable":true,"href":"https:\/\/staging.ivg.it\/ediapi\/wp\/v2\/tags?post=100497"}],"curies":[{"name":"wp","href":"https:\/\/api.w.org\/{rel}","templated":true}]}}